{"id":19652,"date":"2025-06-11T06:48:56","date_gmt":"2025-06-11T06:48:56","guid":{"rendered":"https:\/\/evindepaketle.com\/wp\/?p=19652"},"modified":"2025-06-11T06:48:57","modified_gmt":"2025-06-11T06:48:57","slug":"ngarje-e-rende-gjermani-vrt-28-vjecaren-shqiptare-dhe-e-hedh-ne-pyll","status":"publish","type":"post","link":"https:\/\/evindepaketle.com\/wp\/ngarje-e-rende-gjermani-vrt-28-vjecaren-shqiptare-dhe-e-hedh-ne-pyll\/","title":{"rendered":"NGARJE E r\u00ebnd\u00eb\/ Gjermani vr*t 28-vje\u00e7aren shqiptare dhe e hedh n\u00eb pyll&#8230;"},"content":{"rendered":"<div id=\"evind-2712547214\" class=\"evind-bf-imag-1 evind-entity-placement\"><div id=\"div-gpt-ad-1767907234185-0\" style=\"min-width:300px;min-height:250px;\"><\/div><\/div><p>Nj\u00eb 28-vje\u00e7are shqiptare \u00ebsht\u00eb vrar\u00eb me arm\u00eb zjarri n\u00eb Gjermani m\u00eb 5 qershor.<\/p>\n<p><img fetchpriority=\"high\" decoding=\"async\" class=\"wp-image-22970 alignnone size-full\" src=\"https:\/\/evindepaketle.com\/wp\/wp-content\/uploads\/2025\/06\/image-6-48.jpg\" alt=\"\" width=\"750\" height=\"398\" \/><\/p>\n<p>&nbsp;<\/p>\n<p>Ngjarja e r\u00ebnd\u00eb ka ndodhur n\u00eb qytetin Wadern, n\u00eb shtetin e Saarland-it.<\/p><div id=\"evind-1081107159\" class=\"evind-aft-img-1 evind-entity-placement\"><div id=\"div-gpt-ad-1767907274482-0\" style=\"min-width:300px;min-height:250px;\"><\/div><\/div>\n<p>Lajmi \u00ebsht\u00eb raportuar nga mediumi gjerman Bild, i cili shkruan se trupi i pajet\u00eb i gruas \u00ebsht\u00eb gjetur pran\u00eb nj\u00eb pylli, af\u00ebr autostrad\u00ebs midis Hermeskeil dhe Nonnweiler.<\/p>\n<p>Autoritetet gjermane dyshojn\u00eb se vrasjen e ka kryer nj\u00eb shtetas gjerman, 34 vje\u00e7. Ai \u00ebsht\u00eb arrestuar mbr\u00ebmjen e s\u00eb nj\u00ebjt\u00ebs dit\u00eb nga Policia e Saarland-it n\u00eb lagjen Wadrill t\u00eb Wadern.<\/p>\n<p>\u201cP\u00ebrmes hetimeve intensive, nj\u00eb burr\u00eb 34-vje\u00e7ar nga Saarland u identifikua si i dyshuar. Policia e Saarland e arrestoi at\u00eb mbr\u00ebm\u00eb n\u00eb lagjen Wadrill t\u00eb Wadern\u201d, ka njoftuar Shtabi i Policis\u00eb s\u00eb Trier.<\/p>\n<p>Trupi i pajet\u00eb i viktim\u00ebs \u00ebsht\u00eb gjetur t\u00eb enjten rreth or\u00ebs 05:30 t\u00eb m\u00ebngjesit. Deri tani nuk ka informacion zyrtar p\u00ebr natyr\u00ebn e plag\u00ebve apo shkakun e sakt\u00eb t\u00eb vdekjes.<\/p>\n<p>Sipas policis\u00eb, viktima dhe i dyshuari njiheshin me nj\u00ebri-tjetrin. N\u00eb momentin e arrestimit, policia ka gjetur edhe arm\u00eb zjarri te i dyshuari, i cili aktualisht ndodhet n\u00eb paraburgim. Hetimet mbi motivin e mundsh\u00ebm dhe rrethanat e plota t\u00eb k\u00ebsaj vrasjeje tragjike jan\u00eb ende n\u00eb zhvillim<\/p>\n<div id=\"evind-4153770697\" class=\"evind-aft-content evind-entity-placement\"><script async src=\"https:\/\/pagead2.googlesyndication.com\/pagead\/js\/adsbygoogle.js\"\r\n     crossorigin=\"anonymous\"><\/script>\r\n<ins class=\"adsbygoogle\"\r\n     style=\"display:block; text-align:center;\"\r\n     data-ad-layout=\"in-article\"\r\n     data-ad-format=\"fluid\"\r\n     data-ad-client=\"ca-pub-9502650571429605\"\r\n     data-page-url=\"https:\/\/evindepaketle.com\"\r\n     data-ad-slot=\"5205678616\"><\/ins>\r\n<script>\r\n     (adsbygoogle = window.adsbygoogle || []).push({});\r\n<\/script><\/div>","protected":false},"excerpt":{"rendered":"<p>Nj\u00eb 28-vje\u00e7are shqiptare \u00ebsht\u00eb vrar\u00eb me arm\u00eb zjarri n\u00eb Gjermani m\u00eb 5 qershor. &nbsp; Ngjarja e r\u00ebnd\u00eb ka ndodhur n\u00eb qytetin Wadern, n\u00eb shtetin e Saarland-it. Lajmi \u00ebsht\u00eb raportuar nga mediumi gjerman Bild, i cili shkruan se trupi i pajet\u00eb i gruas \u00ebsht\u00eb gjetur pran\u00eb nj\u00eb pylli, af\u00ebr autostrad\u00ebs midis Hermeskeil dhe Nonnweiler. Autoritetet gjermane [&hellip;]<\/p>\n","protected":false},"author":1,"featured_media":19651,"comment_status":"open","ping_status":"closed","sticky":false,"template":"","format":"standard","meta":{"jnews-multi-image_gallery":[],"jnews_single_post":[],"jnews_primary_category":[],"jnews_social_meta":[],"jnews_review":[],"enable_review":"","type":"","name":"","summary":"","brand":"","sku":"","good":[],"bad":[],"score_override":"","override_value":"","rating":[],"price":[],"jnews_override_counter":[],"jnews_post_split":[],"footnotes":""},"categories":[44],"tags":[],"class_list":["post-19652","post","type-post","status-publish","format-standard","has-post-thumbnail","hentry","category-tvshow"],"_links":{"self":[{"href":"https:\/\/evindepaketle.com\/wp\/wp-json\/wp\/v2\/posts\/19652","targetHints":{"allow":["GET"]}}],"collection":[{"href":"https:\/\/evindepaketle.com\/wp\/wp-json\/wp\/v2\/posts"}],"about":[{"href":"https:\/\/evindepaketle.com\/wp\/wp-json\/wp\/v2\/types\/post"}],"author":[{"embeddable":true,"href":"https:\/\/evindepaketle.com\/wp\/wp-json\/wp\/v2\/users\/1"}],"replies":[{"embeddable":true,"href":"https:\/\/evindepaketle.com\/wp\/wp-json\/wp\/v2\/comments?post=19652"}],"version-history":[{"count":1,"href":"https:\/\/evindepaketle.com\/wp\/wp-json\/wp\/v2\/posts\/19652\/revisions"}],"predecessor-version":[{"id":19653,"href":"https:\/\/evindepaketle.com\/wp\/wp-json\/wp\/v2\/posts\/19652\/revisions\/19653"}],"wp:featuredmedia":[{"embeddable":true,"href":"https:\/\/evindepaketle.com\/wp\/wp-json\/wp\/v2\/media\/19651"}],"wp:attachment":[{"href":"https:\/\/evindepaketle.com\/wp\/wp-json\/wp\/v2\/media?parent=19652"}],"wp:term":[{"taxonomy":"category","embeddable":true,"href":"https:\/\/evindepaketle.com\/wp\/wp-json\/wp\/v2\/categories?post=19652"},{"taxonomy":"post_tag","embeddable":true,"href":"https:\/\/evindepaketle.com\/wp\/wp-json\/wp\/v2\/tags?post=19652"}],"curies":[{"name":"wp","href":"https:\/\/api.w.org\/{rel}","templated":true}]}}