{"id":19636,"date":"2025-06-10T18:14:16","date_gmt":"2025-06-10T18:14:16","guid":{"rendered":"https:\/\/evindepaketle.com\/wp\/?p=19636"},"modified":"2025-06-10T18:14:19","modified_gmt":"2025-06-10T18:14:19","slug":"emri-ja-kush-eshte-15-vjecarja-nga-kosova-qe-humbi-jeten-pas-te-shtenave-brenda-nje-shkolle-ne-austri","status":"publish","type":"post","link":"https:\/\/evindepaketle.com\/wp\/emri-ja-kush-eshte-15-vjecarja-nga-kosova-qe-humbi-jeten-pas-te-shtenave-brenda-nje-shkolle-ne-austri\/","title":{"rendered":"Emri\/ Ja kush \u00ebsht\u00eb 15-vje\u00e7arja nga Kosova q\u00eb humbi jet\u00ebn pas t\u00eb sht\u00ebnave brenda nj\u00eb shkolle n\u00eb Austri"},"content":{"rendered":"<div id=\"evind-1689116611\" class=\"evind-bf-imag-1 evind-entity-placement\"><div id=\"div-gpt-ad-1767907234185-0\" style=\"min-width:300px;min-height:250px;\"><\/div><\/div><p>T\u00eb pakt\u00ebn 10 persona, p\u00ebrfshir\u00eb autorin e krimit,<\/p>\n<p><img fetchpriority=\"high\" decoding=\"async\" class=\"wp-image-22938 alignnone size-full\" src=\"https:\/\/evindepaketle.com\/wp\/wp-content\/uploads\/2025\/06\/image-6-46.jpg\" alt=\"\" width=\"750\" height=\"411\" \/><\/p>\n<p>&nbsp;<\/p>\n<p>jan\u00eb vrar\u00eb pas nj\u00eb sulmi me arm\u00eb n\u00eb nj\u00eb shkoll\u00eb t\u00eb mesme n\u00eb Graz, nj\u00eb nga qytetet m\u00eb t\u00eb m\u00ebdha t\u00eb Austris\u00eb. N\u00eb mesin e viktimave \u00ebsht\u00eb edhe vajza nga Kosova, Lea Bajrami.<\/p><div id=\"evind-728816377\" class=\"evind-aft-img-1 evind-entity-placement\"><div id=\"div-gpt-ad-1767907274482-0\" style=\"min-width:300px;min-height:250px;\"><\/div><\/div>\n<p>Familjar\u00ebt e viktim\u00ebs njoftuan p\u00ebr lajmin e hidhur p\u00ebrmes nj\u00eb postimi n\u00eb \u201cFacebook\u201d.<\/p>\n<p>\u201cMe zemer te thyer dhe dhembje te madhe, njoftojme familjaret, miqt qe mbesa jone, Lea Ilir Bajrami humbi jete tragjikisht ne sulmin e ndodhur ne Graz te Austrise.<\/p>\n<p>Lutemi per shpirtin e saj dhe shprehim falemnderime per te gjithe ata qe ndajne dhembjen tone ne keto qaste te veshtira\u201d, shkruhet n\u00eb mesazh.<\/p>\n<p>Ngjarja tragjike ka ndodhur n\u00eb shkoll\u00ebn e mesme \u201cDreierschutzengasse\u201d.<\/p>\n<p>Mediat austriake i kan\u00eb publikuar emrat e disa prej viktimave. Sipas raportimeve pes\u00eb nga viktimat jan\u00eb nx\u00ebn\u00ebs t\u00eb k\u00ebsaj shkolle: Emma Leitner, Jakob Weiss, Sophie Gruber, Lukas Thalberg, Nina Hartwig.<img decoding=\"async\" class=\"wp-image-22937 alignnone size-full\" src=\"https:\/\/evindepaketle.com\/wp\/wp-content\/uploads\/2025\/06\/image-6-45.jpg\" alt=\"\" width=\"649\" height=\"750\" \/><\/p>\n<div id=\"evind-3560132134\" class=\"evind-aft-content evind-entity-placement\"><script async src=\"https:\/\/pagead2.googlesyndication.com\/pagead\/js\/adsbygoogle.js\"\r\n     crossorigin=\"anonymous\"><\/script>\r\n<ins class=\"adsbygoogle\"\r\n     style=\"display:block; text-align:center;\"\r\n     data-ad-layout=\"in-article\"\r\n     data-ad-format=\"fluid\"\r\n     data-ad-client=\"ca-pub-9502650571429605\"\r\n     data-page-url=\"https:\/\/evindepaketle.com\"\r\n     data-ad-slot=\"5205678616\"><\/ins>\r\n<script>\r\n     (adsbygoogle = window.adsbygoogle || []).push({});\r\n<\/script><\/div>","protected":false},"excerpt":{"rendered":"<p>T\u00eb pakt\u00ebn 10 persona, p\u00ebrfshir\u00eb autorin e krimit, &nbsp; jan\u00eb vrar\u00eb pas nj\u00eb sulmi me arm\u00eb n\u00eb nj\u00eb shkoll\u00eb t\u00eb mesme n\u00eb Graz, nj\u00eb nga qytetet m\u00eb t\u00eb m\u00ebdha t\u00eb Austris\u00eb. N\u00eb mesin e viktimave \u00ebsht\u00eb edhe vajza nga Kosova, Lea Bajrami. Familjar\u00ebt e viktim\u00ebs njoftuan p\u00ebr lajmin e hidhur p\u00ebrmes nj\u00eb postimi n\u00eb \u201cFacebook\u201d. [&hellip;]<\/p>\n","protected":false},"author":1,"featured_media":19634,"comment_status":"open","ping_status":"closed","sticky":false,"template":"","format":"standard","meta":{"jnews-multi-image_gallery":[],"jnews_single_post":[],"jnews_primary_category":[],"jnews_social_meta":[],"jnews_review":[],"enable_review":"","type":"","name":"","summary":"","brand":"","sku":"","good":[],"bad":[],"score_override":"","override_value":"","rating":[],"price":[],"jnews_override_counter":[],"jnews_post_split":[],"footnotes":""},"categories":[44],"tags":[],"class_list":["post-19636","post","type-post","status-publish","format-standard","has-post-thumbnail","hentry","category-tvshow"],"_links":{"self":[{"href":"https:\/\/evindepaketle.com\/wp\/wp-json\/wp\/v2\/posts\/19636","targetHints":{"allow":["GET"]}}],"collection":[{"href":"https:\/\/evindepaketle.com\/wp\/wp-json\/wp\/v2\/posts"}],"about":[{"href":"https:\/\/evindepaketle.com\/wp\/wp-json\/wp\/v2\/types\/post"}],"author":[{"embeddable":true,"href":"https:\/\/evindepaketle.com\/wp\/wp-json\/wp\/v2\/users\/1"}],"replies":[{"embeddable":true,"href":"https:\/\/evindepaketle.com\/wp\/wp-json\/wp\/v2\/comments?post=19636"}],"version-history":[{"count":1,"href":"https:\/\/evindepaketle.com\/wp\/wp-json\/wp\/v2\/posts\/19636\/revisions"}],"predecessor-version":[{"id":19637,"href":"https:\/\/evindepaketle.com\/wp\/wp-json\/wp\/v2\/posts\/19636\/revisions\/19637"}],"wp:featuredmedia":[{"embeddable":true,"href":"https:\/\/evindepaketle.com\/wp\/wp-json\/wp\/v2\/media\/19634"}],"wp:attachment":[{"href":"https:\/\/evindepaketle.com\/wp\/wp-json\/wp\/v2\/media?parent=19636"}],"wp:term":[{"taxonomy":"category","embeddable":true,"href":"https:\/\/evindepaketle.com\/wp\/wp-json\/wp\/v2\/categories?post=19636"},{"taxonomy":"post_tag","embeddable":true,"href":"https:\/\/evindepaketle.com\/wp\/wp-json\/wp\/v2\/tags?post=19636"}],"curies":[{"name":"wp","href":"https:\/\/api.w.org\/{rel}","templated":true}]}}