{"id":19610,"date":"2025-06-10T16:02:09","date_gmt":"2025-06-10T16:02:09","guid":{"rendered":"https:\/\/evindepaketle.com\/wp\/?p=19610"},"modified":"2025-06-10T16:02:11","modified_gmt":"2025-06-10T16:02:11","slug":"g-bani-i-reagon-menjehere-kritikave-te-alketa-vejsiut-ndaj-tij-sdua-te-them-grua-por-krve-video","status":"publish","type":"post","link":"https:\/\/evindepaketle.com\/wp\/g-bani-i-reagon-menjehere-kritikave-te-alketa-vejsiut-ndaj-tij-sdua-te-them-grua-por-krve-video\/","title":{"rendered":"G-Bani i reagon menj\u00ebher\u00eb kritikave t\u00eb Alketa Vejsiut ndaj tij: \u201cS\u2019dua t\u00eb them grua por k*rv\u00eb\u201d (VIDEO)"},"content":{"rendered":"<div id=\"evind-2929515621\" class=\"evind-bf-imag-1 evind-entity-placement\"><div id=\"div-gpt-ad-1767907234185-0\" style=\"min-width:300px;min-height:250px;\"><\/div><\/div><p>Reperi i njohur G-Bani ka reaguar pas shkrimit kritik<\/p>\n<p>&nbsp;<\/p>\n<p><img fetchpriority=\"high\" decoding=\"async\" class=\"wp-image-22902 alignnone size-full\" src=\"https:\/\/evindepaketle.com\/wp\/wp-content\/uploads\/2025\/06\/image-6-41.jpg\" alt=\"\" width=\"750\" height=\"455\" \/><\/p>\n<p>t\u00eb publikuar nga Alketa Vejsiu n\u00eb profilin e saj t\u00eb podcast-it n\u00eb Instagram, lidhur me deklarat\u00ebn e bujshme t\u00eb tij pak dit\u00eb m\u00eb par\u00eb.<\/p><div id=\"evind-3010619\" class=\"evind-aft-img-1 evind-entity-placement\"><div id=\"div-gpt-ad-1767907274482-0\" style=\"min-width:300px;min-height:250px;\"><\/div><\/div>\n<p>N\u00eb nj\u00eb seri videosh n\u00eb InstaStory, ai sqaroi se nuk kishte si synim t\u00eb ofendonte t\u00eb gjitha grat\u00eb, por vet\u00ebm nj\u00eb grup t\u00eb caktuar personash.<\/p>\n<p>\u201cLexova shkrimin e Alketa Vejsiut te podcasti i saj, te profili i saj n\u00eb Instagram\u2026 Alketa, nuk kam pse t\u00eb p\u00ebrmend fjal\u00ebn \u2018grua\u2019 n\u00eb vend t\u00eb fjal\u00ebs \u2018k*rv\u00eb\u2019, se s\u2019kam dashur t\u2019u drejtohem grave. Kam dashur t\u2019u drejtohem 2-3 k*rvave. Besoj se k*rvat nuk jan\u00eb vet\u00ebm grat\u00eb, jan\u00eb edhe meshkujt,\u201d \u2013 u shpreh G-Bani mes t\u00eb tjerash.<\/p>\n<p>Deklarata e tij fillestare, e cila nisi me \u201cT\u00eb nderuara kurva\u2026\u201d, shkaktoi nj\u00eb val\u00eb reagimesh n\u00eb rrjet, p\u00ebrfshir\u00eb edhe p\u00ebrgjigjen publike t\u00eb Alketa Vejsiut, e cila e cil\u00ebsoi fjalorin e tij si problematik dhe thell\u00ebsisht denigrues p\u00ebr figur\u00ebn e gruas.<\/p>\n<p>Vejsiu analizoi pik\u00eb p\u00ebr pik\u00eb \u00e7do pjes\u00eb t\u00eb deklarat\u00ebs s\u00eb reperit, duke e kritikuar p\u00ebr munges\u00eb pjekurie emocionale, vet\u00ebjustifikim dhe p\u00ebrpjekje p\u00ebr t\u00eb normalizuar sjellje toksike n\u00eb em\u00ebr t\u00eb dashuris\u00eb.<\/p>\n<p>Sipas saj, G-Bani nuk po k\u00ebrkon nj\u00eb marr\u00ebdh\u00ebnie t\u00eb sh\u00ebndetshme, por thjesht nj\u00eb lloj akomodimi p\u00ebr mang\u00ebsit\u00eb dhe pasigurit\u00eb e tij personale.<\/p>\n<div style=\"position: relative; width: 100%; height: 0px; padding-bottom: 177.778%;\"><iframe style=\"border: none; width: 100%; height: 100%; position: absolute; left: 0px; top: 0px; overflow: hidden;\" src=\"https:\/\/streamable.com\/e\/79mmbk?\" width=\"100%\" height=\"100%\" allowfullscreen=\"allowfullscreen\"><\/iframe><\/div>\n<div id=\"evind-2671192591\" class=\"evind-aft-content evind-entity-placement\"><script async src=\"https:\/\/pagead2.googlesyndication.com\/pagead\/js\/adsbygoogle.js\"\r\n     crossorigin=\"anonymous\"><\/script>\r\n<ins class=\"adsbygoogle\"\r\n     style=\"display:block; text-align:center;\"\r\n     data-ad-layout=\"in-article\"\r\n     data-ad-format=\"fluid\"\r\n     data-ad-client=\"ca-pub-9502650571429605\"\r\n     data-page-url=\"https:\/\/evindepaketle.com\"\r\n     data-ad-slot=\"5205678616\"><\/ins>\r\n<script>\r\n     (adsbygoogle = window.adsbygoogle || []).push({});\r\n<\/script><\/div>","protected":false},"excerpt":{"rendered":"<p>Reperi i njohur G-Bani ka reaguar pas shkrimit kritik &nbsp; t\u00eb publikuar nga Alketa Vejsiu n\u00eb profilin e saj t\u00eb podcast-it n\u00eb Instagram, lidhur me deklarat\u00ebn e bujshme t\u00eb tij pak dit\u00eb m\u00eb par\u00eb. N\u00eb nj\u00eb seri videosh n\u00eb InstaStory, ai sqaroi se nuk kishte si synim t\u00eb ofendonte t\u00eb gjitha grat\u00eb, por vet\u00ebm nj\u00eb [&hellip;]<\/p>\n","protected":false},"author":1,"featured_media":19609,"comment_status":"open","ping_status":"closed","sticky":false,"template":"","format":"standard","meta":{"jnews-multi-image_gallery":[],"jnews_single_post":[],"jnews_primary_category":[],"jnews_social_meta":[],"jnews_review":[],"enable_review":"","type":"","name":"","summary":"","brand":"","sku":"","good":[],"bad":[],"score_override":"","override_value":"","rating":[],"price":[],"jnews_override_counter":[],"jnews_post_split":[],"footnotes":""},"categories":[44],"tags":[],"class_list":["post-19610","post","type-post","status-publish","format-standard","has-post-thumbnail","hentry","category-tvshow"],"_links":{"self":[{"href":"https:\/\/evindepaketle.com\/wp\/wp-json\/wp\/v2\/posts\/19610","targetHints":{"allow":["GET"]}}],"collection":[{"href":"https:\/\/evindepaketle.com\/wp\/wp-json\/wp\/v2\/posts"}],"about":[{"href":"https:\/\/evindepaketle.com\/wp\/wp-json\/wp\/v2\/types\/post"}],"author":[{"embeddable":true,"href":"https:\/\/evindepaketle.com\/wp\/wp-json\/wp\/v2\/users\/1"}],"replies":[{"embeddable":true,"href":"https:\/\/evindepaketle.com\/wp\/wp-json\/wp\/v2\/comments?post=19610"}],"version-history":[{"count":1,"href":"https:\/\/evindepaketle.com\/wp\/wp-json\/wp\/v2\/posts\/19610\/revisions"}],"predecessor-version":[{"id":19611,"href":"https:\/\/evindepaketle.com\/wp\/wp-json\/wp\/v2\/posts\/19610\/revisions\/19611"}],"wp:featuredmedia":[{"embeddable":true,"href":"https:\/\/evindepaketle.com\/wp\/wp-json\/wp\/v2\/media\/19609"}],"wp:attachment":[{"href":"https:\/\/evindepaketle.com\/wp\/wp-json\/wp\/v2\/media?parent=19610"}],"wp:term":[{"taxonomy":"category","embeddable":true,"href":"https:\/\/evindepaketle.com\/wp\/wp-json\/wp\/v2\/categories?post=19610"},{"taxonomy":"post_tag","embeddable":true,"href":"https:\/\/evindepaketle.com\/wp\/wp-json\/wp\/v2\/tags?post=19610"}],"curies":[{"name":"wp","href":"https:\/\/api.w.org\/{rel}","templated":true}]}}