{"id":19532,"date":"2025-06-09T20:11:02","date_gmt":"2025-06-09T20:11:02","guid":{"rendered":"https:\/\/evindepaketle.com\/wp\/?p=19532"},"modified":"2025-06-09T20:11:04","modified_gmt":"2025-06-09T20:11:04","slug":"u-perfol-se-prisnin-te-beheshin-prinder-alba-jep-lajmin-e-trishte-nuk-ishte-e-lehte-por-te-dy-vendosem-t","status":"publish","type":"post","link":"https:\/\/evindepaketle.com\/wp\/u-perfol-se-prisnin-te-beheshin-prinder-alba-jep-lajmin-e-trishte-nuk-ishte-e-lehte-por-te-dy-vendosem-t\/","title":{"rendered":"U perfol se prisnin t\u00eb b\u00ebheshin prind\u00ebr! Alba jep lajmin e trisht\u00eb: &#8220;Nuk ishte e leht\u00eb, por t\u00eb dy vendos\u00ebm t&#8230;"},"content":{"rendered":"<div id=\"evind-1842958815\" class=\"evind-bf-imag-1 evind-entity-placement\"><div id=\"div-gpt-ad-1767907234185-0\" style=\"min-width:300px;min-height:250px;\"><\/div><\/div><p>Alba Pollazhani dhe Lim Hoti dy ish-konkurrentet e Ferma Vip 2<\/p>\n<p><img fetchpriority=\"high\" decoding=\"async\" class=\"wp-image-22796 alignnone size-full\" src=\"https:\/\/evindepaketle.com\/wp\/wp-content\/uploads\/2025\/06\/image-6-28.jpg\" alt=\"\" width=\"750\" height=\"372\" \/><\/p>\n<p>&nbsp;<\/p>\n<p>&nbsp;<\/p>\n<p>Lajmin e ka kofirmuar vet ish-konkurrentja e Ferma VIP 2, Alba.<\/p><div id=\"evind-1095784231\" class=\"evind-aft-img-1 evind-entity-placement\"><div id=\"div-gpt-ad-1767907274482-0\" style=\"min-width:300px;min-height:250px;\"><\/div><\/div>\n<p>Ajo p\u00ebrmes nj\u00eb postimi n\u00eb InstaStory, ka shkruar se ndarjen nuk po e p\u00ebrjeton leht\u00eb.<\/p>\n<p>\u201cNuk \u00ebsht\u00eb gjithmon\u00eb e leht\u00eb, por ndjej q\u00eb \u00ebsht\u00eb momenti\u201d, ka shkuar nd\u00ebr t\u00eb tjera Alba.<\/p>\n<p>Kujtojm\u00eb q\u00eb Alba dhe Limi u b\u00ebn \u00e7ift brenda formatit \u2018Ferma Vip2\u2019.<\/p>\n<p>Ata koh\u00eb me par\u00eb u larguan nga ky format duke vazhduar lidhjen edhe jasht\u00eb, por tani duket se Alba dhe Limi i kan\u00eb ndar\u00eb rrug\u00ebt p\u00ebrfundimisht.<img decoding=\"async\" class=\"wp-image-22795 alignnone size-full\" src=\"https:\/\/evindepaketle.com\/wp\/wp-content\/uploads\/2025\/06\/image-6-27.jpg\" alt=\"\" width=\"501\" height=\"750\" \/><\/p>\n<div id=\"evind-371206923\" class=\"evind-aft-content evind-entity-placement\"><script async src=\"https:\/\/pagead2.googlesyndication.com\/pagead\/js\/adsbygoogle.js\"\r\n     crossorigin=\"anonymous\"><\/script>\r\n<ins class=\"adsbygoogle\"\r\n     style=\"display:block; text-align:center;\"\r\n     data-ad-layout=\"in-article\"\r\n     data-ad-format=\"fluid\"\r\n     data-ad-client=\"ca-pub-9502650571429605\"\r\n     data-page-url=\"https:\/\/evindepaketle.com\"\r\n     data-ad-slot=\"5205678616\"><\/ins>\r\n<script>\r\n     (adsbygoogle = window.adsbygoogle || []).push({});\r\n<\/script><\/div>","protected":false},"excerpt":{"rendered":"<p>Alba Pollazhani dhe Lim Hoti dy ish-konkurrentet e Ferma Vip 2 &nbsp; &nbsp; Lajmin e ka kofirmuar vet ish-konkurrentja e Ferma VIP 2, Alba. Ajo p\u00ebrmes nj\u00eb postimi n\u00eb InstaStory, ka shkruar se ndarjen nuk po e p\u00ebrjeton leht\u00eb. \u201cNuk \u00ebsht\u00eb gjithmon\u00eb e leht\u00eb, por ndjej q\u00eb \u00ebsht\u00eb momenti\u201d, ka shkuar nd\u00ebr t\u00eb tjera Alba. [&hellip;]<\/p>\n","protected":false},"author":1,"featured_media":19530,"comment_status":"open","ping_status":"closed","sticky":false,"template":"","format":"standard","meta":{"jnews-multi-image_gallery":[],"jnews_single_post":[],"jnews_primary_category":[],"jnews_social_meta":[],"jnews_review":[],"enable_review":"","type":"","name":"","summary":"","brand":"","sku":"","good":[],"bad":[],"score_override":"","override_value":"","rating":[],"price":[],"jnews_override_counter":[],"jnews_post_split":[],"footnotes":""},"categories":[44],"tags":[],"class_list":["post-19532","post","type-post","status-publish","format-standard","has-post-thumbnail","hentry","category-tvshow"],"_links":{"self":[{"href":"https:\/\/evindepaketle.com\/wp\/wp-json\/wp\/v2\/posts\/19532","targetHints":{"allow":["GET"]}}],"collection":[{"href":"https:\/\/evindepaketle.com\/wp\/wp-json\/wp\/v2\/posts"}],"about":[{"href":"https:\/\/evindepaketle.com\/wp\/wp-json\/wp\/v2\/types\/post"}],"author":[{"embeddable":true,"href":"https:\/\/evindepaketle.com\/wp\/wp-json\/wp\/v2\/users\/1"}],"replies":[{"embeddable":true,"href":"https:\/\/evindepaketle.com\/wp\/wp-json\/wp\/v2\/comments?post=19532"}],"version-history":[{"count":1,"href":"https:\/\/evindepaketle.com\/wp\/wp-json\/wp\/v2\/posts\/19532\/revisions"}],"predecessor-version":[{"id":19533,"href":"https:\/\/evindepaketle.com\/wp\/wp-json\/wp\/v2\/posts\/19532\/revisions\/19533"}],"wp:featuredmedia":[{"embeddable":true,"href":"https:\/\/evindepaketle.com\/wp\/wp-json\/wp\/v2\/media\/19530"}],"wp:attachment":[{"href":"https:\/\/evindepaketle.com\/wp\/wp-json\/wp\/v2\/media?parent=19532"}],"wp:term":[{"taxonomy":"category","embeddable":true,"href":"https:\/\/evindepaketle.com\/wp\/wp-json\/wp\/v2\/categories?post=19532"},{"taxonomy":"post_tag","embeddable":true,"href":"https:\/\/evindepaketle.com\/wp\/wp-json\/wp\/v2\/tags?post=19532"}],"curies":[{"name":"wp","href":"https:\/\/api.w.org\/{rel}","templated":true}]}}