{"id":19518,"date":"2025-06-09T19:21:17","date_gmt":"2025-06-09T19:21:17","guid":{"rendered":"https:\/\/evindepaketle.com\/wp\/?p=19518"},"modified":"2025-06-09T19:21:19","modified_gmt":"2025-06-09T19:21:19","slug":"egli-tako-reagon-pas-zhdukjes-se-kengeve-ia-le-fajin-fifit-zgjedh-te-jem-nj","status":"publish","type":"post","link":"https:\/\/evindepaketle.com\/wp\/egli-tako-reagon-pas-zhdukjes-se-kengeve-ia-le-fajin-fifit-zgjedh-te-jem-nj\/","title":{"rendered":"Egli Tako reagon pas zhdukjes s\u00eb k\u00ebng\u00ebve, ia l\u00eb \u2018fajin\u2019 Fifit: Zgjedh t\u00eb jem nj&#8230;"},"content":{"rendered":"<div id=\"evind-2830482110\" class=\"evind-bf-imag-1 evind-entity-placement\"><div id=\"div-gpt-ad-1767907234185-0\" style=\"min-width:300px;min-height:250px;\"><\/div><\/div><p>Pas zhdukjes s\u00eb disa projekteve muzikore nga YouTube,<\/p>\n<p><img fetchpriority=\"high\" decoding=\"async\" class=\"wp-image-22779 alignnone size-full\" src=\"https:\/\/evindepaketle.com\/wp\/wp-content\/uploads\/2025\/06\/image-6-24.jpg\" alt=\"\" width=\"750\" height=\"442\" \/><\/p>\n<p>&nbsp;<\/p>\n<p>k\u00ebng\u00ebtarja Egli Tako ka reaguar publikisht p\u00ebrmes nj\u00eb deklarate t\u00eb sinqert\u00eb, duke sqaruar situat\u00ebn dhe duke fal\u00ebnderuar ndjek\u00ebsit p\u00ebr mb\u00ebshtetjen e tyre t\u00eb pand\u00ebrprer\u00eb.<\/p><div id=\"evind-3359359051\" class=\"evind-aft-img-1 evind-entity-placement\"><div id=\"div-gpt-ad-1767907274482-0\" style=\"min-width:300px;min-height:250px;\"><\/div><\/div>\n<p>Ajo b\u00ebri t\u00eb qart\u00eb se, ndon\u00ebse \u00ebsht\u00eb pjes\u00eb e k\u00ebng\u00ebve t\u00eb publikuara, nuk \u00ebsht\u00eb autore e tyre dhe nuk ka t\u00eb drejta pron\u00ebsore mbi to.<\/p>\n<p>Fshirja e p\u00ebrkohshme e materialeve \u00ebsht\u00eb b\u00ebr\u00eb p\u00ebr arsye personale t\u00eb autores, n\u00eb k\u00ebt\u00eb rast k\u00ebng\u00ebtares Fifi, e cila ka kontrollin mbi projektin dhe kanalin ku jan\u00eb publikuar.<\/p>\n<p>\u201cUn\u00eb nuk kam nd\u00ebrhyr\u00eb sepse nuk jan\u00eb materiale t\u00eb miat. Si e ftuar n\u00eb projekt, respektoj vendimet e pal\u00ebs tjet\u00ebr\u201d, u shpreh Egli. Ajo theksoi se, pavar\u00ebsisht ndikimit q\u00eb mund t\u00eb ket\u00eb pasur situata, zgjedh t\u00eb mbetet mir\u00ebkuptuese:<br \/>\n\u201cJemi njer\u00ebz para se t\u00eb jemi artist\u00eb.\u201d<\/p>\n<p>N\u00eb reagimin e saj, Egli b\u00ebri me dije edhe nj\u00eb vendim t\u00eb marr\u00eb n\u00eb mir\u00ebkuptim me Fifin: ndarja menaxheriale, p\u00ebr t\u00eb shmangur \u00e7do keqkuptim t\u00eb m\u00ebtejsh\u00ebm.<\/p>\n<p>Ajo konfirmoi se do t\u00eb vazhdoj\u00eb rrug\u00ebtimin artistik e vetme dhe paralajm\u00ebroi surpriza p\u00ebr fansat n\u00eb jav\u00ebt n\u00eb vijim.<\/p>\n<p>\u201cDo t\u00eb m\u00eb shihni m\u00eb shum\u00eb, me projekte t\u00eb reja dhe shum\u00eb muzik\u00eb\u201d, p\u00ebrfundoi ajo, duke fal\u00ebnderuar ndjek\u00ebsit p\u00ebr dashurin\u00eb dhe p\u00ebrkrahjen.<img decoding=\"async\" class=\"wp-image-22778 alignnone size-full\" src=\"https:\/\/evindepaketle.com\/wp\/wp-content\/uploads\/2025\/06\/image-6-23.jpg\" alt=\"\" width=\"386\" height=\"750\" \/><\/p>\n<div id=\"evind-1829327709\" class=\"evind-aft-content evind-entity-placement\"><script async src=\"https:\/\/pagead2.googlesyndication.com\/pagead\/js\/adsbygoogle.js\"\r\n     crossorigin=\"anonymous\"><\/script>\r\n<ins class=\"adsbygoogle\"\r\n     style=\"display:block; text-align:center;\"\r\n     data-ad-layout=\"in-article\"\r\n     data-ad-format=\"fluid\"\r\n     data-ad-client=\"ca-pub-9502650571429605\"\r\n     data-page-url=\"https:\/\/evindepaketle.com\"\r\n     data-ad-slot=\"5205678616\"><\/ins>\r\n<script>\r\n     (adsbygoogle = window.adsbygoogle || []).push({});\r\n<\/script><\/div>","protected":false},"excerpt":{"rendered":"<p>Pas zhdukjes s\u00eb disa projekteve muzikore nga YouTube, &nbsp; k\u00ebng\u00ebtarja Egli Tako ka reaguar publikisht p\u00ebrmes nj\u00eb deklarate t\u00eb sinqert\u00eb, duke sqaruar situat\u00ebn dhe duke fal\u00ebnderuar ndjek\u00ebsit p\u00ebr mb\u00ebshtetjen e tyre t\u00eb pand\u00ebrprer\u00eb. Ajo b\u00ebri t\u00eb qart\u00eb se, ndon\u00ebse \u00ebsht\u00eb pjes\u00eb e k\u00ebng\u00ebve t\u00eb publikuara, nuk \u00ebsht\u00eb autore e tyre dhe nuk ka t\u00eb drejta [&hellip;]<\/p>\n","protected":false},"author":1,"featured_media":19516,"comment_status":"open","ping_status":"closed","sticky":false,"template":"","format":"standard","meta":{"jnews-multi-image_gallery":[],"jnews_single_post":[],"jnews_primary_category":[],"jnews_social_meta":[],"jnews_review":[],"enable_review":"","type":"","name":"","summary":"","brand":"","sku":"","good":[],"bad":[],"score_override":"","override_value":"","rating":[],"price":[],"jnews_override_counter":[],"jnews_post_split":[],"footnotes":""},"categories":[44],"tags":[],"class_list":["post-19518","post","type-post","status-publish","format-standard","has-post-thumbnail","hentry","category-tvshow"],"_links":{"self":[{"href":"https:\/\/evindepaketle.com\/wp\/wp-json\/wp\/v2\/posts\/19518","targetHints":{"allow":["GET"]}}],"collection":[{"href":"https:\/\/evindepaketle.com\/wp\/wp-json\/wp\/v2\/posts"}],"about":[{"href":"https:\/\/evindepaketle.com\/wp\/wp-json\/wp\/v2\/types\/post"}],"author":[{"embeddable":true,"href":"https:\/\/evindepaketle.com\/wp\/wp-json\/wp\/v2\/users\/1"}],"replies":[{"embeddable":true,"href":"https:\/\/evindepaketle.com\/wp\/wp-json\/wp\/v2\/comments?post=19518"}],"version-history":[{"count":1,"href":"https:\/\/evindepaketle.com\/wp\/wp-json\/wp\/v2\/posts\/19518\/revisions"}],"predecessor-version":[{"id":19519,"href":"https:\/\/evindepaketle.com\/wp\/wp-json\/wp\/v2\/posts\/19518\/revisions\/19519"}],"wp:featuredmedia":[{"embeddable":true,"href":"https:\/\/evindepaketle.com\/wp\/wp-json\/wp\/v2\/media\/19516"}],"wp:attachment":[{"href":"https:\/\/evindepaketle.com\/wp\/wp-json\/wp\/v2\/media?parent=19518"}],"wp:term":[{"taxonomy":"category","embeddable":true,"href":"https:\/\/evindepaketle.com\/wp\/wp-json\/wp\/v2\/categories?post=19518"},{"taxonomy":"post_tag","embeddable":true,"href":"https:\/\/evindepaketle.com\/wp\/wp-json\/wp\/v2\/tags?post=19518"}],"curies":[{"name":"wp","href":"https:\/\/api.w.org\/{rel}","templated":true}]}}