{"id":19469,"date":"2025-06-09T13:05:59","date_gmt":"2025-06-09T13:05:59","guid":{"rendered":"https:\/\/evindepaketle.com\/wp\/?p=19469"},"modified":"2025-06-09T13:06:01","modified_gmt":"2025-06-09T13:06:01","slug":"gianni-de-biasi-rikthehet-ne-shqiperi-ja-klubi-i-superiores-qe-pritet-te-drejtoje","status":"publish","type":"post","link":"https:\/\/evindepaketle.com\/wp\/gianni-de-biasi-rikthehet-ne-shqiperi-ja-klubi-i-superiores-qe-pritet-te-drejtoje\/","title":{"rendered":"Gianni De Biasi rikthehet n\u00eb Shqip\u00ebri, ja klubi i \u201cSuperiores\u201d q\u00eb pritet t\u00eb drejtoj\u00eb"},"content":{"rendered":"<div id=\"evind-1039907825\" class=\"evind-bf-imag-1 evind-entity-placement\"><div id=\"div-gpt-ad-1767907234185-0\" style=\"min-width:300px;min-height:250px;\"><\/div><\/div><p>Pas periudh\u00ebs s\u00eb lavdishme n\u00ebn drejtimin e Komb\u00ebtares shqiptare<\/p>\n<p><img fetchpriority=\"high\" decoding=\"async\" class=\"wp-image-22715 alignnone size-full\" src=\"https:\/\/evindepaketle.com\/wp\/wp-content\/uploads\/2025\/06\/image-6-13.jpg\" alt=\"\" width=\"750\" height=\"411\" \/><\/p>\n<p>&nbsp;<\/p>\n<p>, duket se Gianni De Biazi \u00ebsht\u00eb drejt rikthimit n\u00eb vendin ton\u00eb.<\/p><div id=\"evind-263237145\" class=\"evind-aft-img-1 evind-entity-placement\"><div id=\"div-gpt-ad-1767907274482-0\" style=\"min-width:300px;min-height:250px;\"><\/div><\/div>\n<p>K\u00ebt\u00eb her\u00eb jo n\u00ebn drejtimin e ekipit komb\u00ebtar, por si trajneri i nj\u00eb ekipi t\u00eb kampionatit n\u00eb Shqip\u00ebri. Sipas \u201cPanorama Sport\u201d, teknikut italian, q\u00eb zot\u00ebron edhe pasaport\u00ebn shqiptare, i \u00ebsht\u00eb b\u00ebr\u00eb nj\u00eb ofert\u00eb konkrete nga Flamurtari.<\/p>\n<p>Ekipi vlonjat arriti t\u00eb siguronte k\u00ebt\u00eb sezon ngjitjen n\u00eb kategorin\u00eb superiore, duke u renditur i dyti n\u00eb kategorin\u00eb e par\u00eb. Pas k\u00ebsaj, presidenti i klubit Sinan Idrizi duket se ka vendosur q\u00eb ky rikthim n\u00eb elit\u00ebn e futbollit shqiptar t\u00eb jet\u00eb i \u201cvrullsh\u00ebm\u201d dhe me surpriza.<\/p>\n<p>Raportohet se Idrizi ka zhvilluar nj\u00eb takim n\u00eb fundjav\u00eb me drejtorin sportiv t\u00eb Milanit, Igli Taren, i cili kishte ardhur n\u00eb Shqip\u00ebri p\u00ebr t\u00eb ndjekur ndeshjen e komb\u00ebtares kund\u00ebr Serbis\u00eb. Sipas \u201cpanorama Sport\u201d, Tare ka nd\u00ebrmjet\u00ebsuar edhe nj\u00eb takim mes Idrizit dhe De Biazit, ku \u00ebsht\u00eb diskutuar pik\u00ebrisht p\u00ebr pankin\u00ebn e Flamurtarit, pwr sezonin e ri 2025-2026.<\/p>\n<p>Nuk dihet m\u00eb shum\u00eb se \u00e7far\u00eb \u00ebsht\u00eb diskutuar konkretisht dhe se \u00e7far\u00eb i ka th\u00ebn\u00eb De Biasi, Idrizit.<\/p>\n<div id=\"evind-1297084644\" class=\"evind-aft-content evind-entity-placement\"><script async src=\"https:\/\/pagead2.googlesyndication.com\/pagead\/js\/adsbygoogle.js\"\r\n     crossorigin=\"anonymous\"><\/script>\r\n<ins class=\"adsbygoogle\"\r\n     style=\"display:block; text-align:center;\"\r\n     data-ad-layout=\"in-article\"\r\n     data-ad-format=\"fluid\"\r\n     data-ad-client=\"ca-pub-9502650571429605\"\r\n     data-page-url=\"https:\/\/evindepaketle.com\"\r\n     data-ad-slot=\"5205678616\"><\/ins>\r\n<script>\r\n     (adsbygoogle = window.adsbygoogle || []).push({});\r\n<\/script><\/div>","protected":false},"excerpt":{"rendered":"<p>Pas periudh\u00ebs s\u00eb lavdishme n\u00ebn drejtimin e Komb\u00ebtares shqiptare &nbsp; , duket se Gianni De Biazi \u00ebsht\u00eb drejt rikthimit n\u00eb vendin ton\u00eb. K\u00ebt\u00eb her\u00eb jo n\u00ebn drejtimin e ekipit komb\u00ebtar, por si trajneri i nj\u00eb ekipi t\u00eb kampionatit n\u00eb Shqip\u00ebri. Sipas \u201cPanorama Sport\u201d, teknikut italian, q\u00eb zot\u00ebron edhe pasaport\u00ebn shqiptare, i \u00ebsht\u00eb b\u00ebr\u00eb nj\u00eb ofert\u00eb [&hellip;]<\/p>\n","protected":false},"author":1,"featured_media":19468,"comment_status":"open","ping_status":"closed","sticky":false,"template":"","format":"standard","meta":{"jnews-multi-image_gallery":[],"jnews_single_post":[],"jnews_primary_category":[],"jnews_social_meta":[],"jnews_review":[],"enable_review":"","type":"","name":"","summary":"","brand":"","sku":"","good":[],"bad":[],"score_override":"","override_value":"","rating":[],"price":[],"jnews_override_counter":[],"jnews_post_split":[],"footnotes":""},"categories":[44],"tags":[],"class_list":["post-19469","post","type-post","status-publish","format-standard","has-post-thumbnail","hentry","category-tvshow"],"_links":{"self":[{"href":"https:\/\/evindepaketle.com\/wp\/wp-json\/wp\/v2\/posts\/19469","targetHints":{"allow":["GET"]}}],"collection":[{"href":"https:\/\/evindepaketle.com\/wp\/wp-json\/wp\/v2\/posts"}],"about":[{"href":"https:\/\/evindepaketle.com\/wp\/wp-json\/wp\/v2\/types\/post"}],"author":[{"embeddable":true,"href":"https:\/\/evindepaketle.com\/wp\/wp-json\/wp\/v2\/users\/1"}],"replies":[{"embeddable":true,"href":"https:\/\/evindepaketle.com\/wp\/wp-json\/wp\/v2\/comments?post=19469"}],"version-history":[{"count":1,"href":"https:\/\/evindepaketle.com\/wp\/wp-json\/wp\/v2\/posts\/19469\/revisions"}],"predecessor-version":[{"id":19470,"href":"https:\/\/evindepaketle.com\/wp\/wp-json\/wp\/v2\/posts\/19469\/revisions\/19470"}],"wp:featuredmedia":[{"embeddable":true,"href":"https:\/\/evindepaketle.com\/wp\/wp-json\/wp\/v2\/media\/19468"}],"wp:attachment":[{"href":"https:\/\/evindepaketle.com\/wp\/wp-json\/wp\/v2\/media?parent=19469"}],"wp:term":[{"taxonomy":"category","embeddable":true,"href":"https:\/\/evindepaketle.com\/wp\/wp-json\/wp\/v2\/categories?post=19469"},{"taxonomy":"post_tag","embeddable":true,"href":"https:\/\/evindepaketle.com\/wp\/wp-json\/wp\/v2\/tags?post=19469"}],"curies":[{"name":"wp","href":"https:\/\/api.w.org\/{rel}","templated":true}]}}