{"id":19417,"date":"2025-06-09T07:29:43","date_gmt":"2025-06-09T07:29:43","guid":{"rendered":"https:\/\/evindepaketle.com\/wp\/?p=19417"},"modified":"2025-06-09T07:29:46","modified_gmt":"2025-06-09T07:29:46","slug":"pasi-fshiu-kenget-nga-youtube-fifi-ndermerr-nje-tjeter-hap-ndaj-eglit-reagon-edhe-egli-foto","status":"publish","type":"post","link":"https:\/\/evindepaketle.com\/wp\/pasi-fshiu-kenget-nga-youtube-fifi-ndermerr-nje-tjeter-hap-ndaj-eglit-reagon-edhe-egli-foto\/","title":{"rendered":"Pasi fshiu k\u00ebng\u00ebt nga YouTube, Fifi nd\u00ebrmerr nj\u00eb tjet\u00ebr hap ndaj Eglit \u2013 Reagon edhe Egli (FOTO)"},"content":{"rendered":"<div id=\"evind-1115796718\" class=\"evind-bf-imag-1 evind-entity-placement\"><div id=\"div-gpt-ad-1767907234185-0\" style=\"min-width:300px;min-height:250px;\"><\/div><\/div><p>Pas p\u00ebrfundimit t\u00eb \u201cBig Brother VIP\u201d, Egli Tako dhe Fifi<\/p>\n<p><img fetchpriority=\"high\" decoding=\"async\" class=\"wp-image-22662 alignnone size-full\" src=\"https:\/\/evindepaketle.com\/wp\/wp-content\/uploads\/2025\/06\/image-6-5.jpg\" alt=\"\" width=\"750\" height=\"429\" \/><\/p>\n<p>&nbsp;<\/p>\n<p>nd\u00ebrtuan nj\u00eb raport t\u00eb af\u00ebrt q\u00eb u reflektua si n\u00eb jet\u00ebn private ashtu edhe n\u00eb bashk\u00ebpunimet artistike.<\/p><div id=\"evind-3352788849\" class=\"evind-aft-img-1 evind-entity-placement\"><div id=\"div-gpt-ad-1767907274482-0\" style=\"min-width:300px;min-height:250px;\"><\/div><\/div>\n<p>K\u00ebng\u00ebt \u201cShuj shuj\u201d dhe \u201cKu je nis\u201d u publikuan si pjes\u00eb e nj\u00eb projekti t\u00eb p\u00ebrbashk\u00ebt q\u00eb mori v\u00ebmendje t\u00eb madhe nga publiku.<\/p>\n<p>Por miq\u00ebsia e tyre duket se ka marr\u00eb fund. Fillimisht \u201cLoki Magazine\u201d vuri re se bashk\u00ebpunimet muzikore jan\u00eb fshir\u00eb nga platforma YouTube pa asnj\u00eb shpjegim. Tani, situata ka marr\u00eb nj\u00eb tjet\u00ebr kthes\u00eb.<\/p>\n<p>Fifi ka fshir\u00eb t\u00eb gjitha fotografit\u00eb me Eglin nga profili i saj n\u00eb Instagram, p\u00ebrfshir\u00eb edhe ato nga prapaskenat dhe promovimet e projekteve muzikore t\u00eb p\u00ebrbashk\u00ebta.<\/p>\n<p>Po t\u00eb nj\u00ebjtin veprim ka b\u00ebr\u00eb edhe Egli, duke larguar \u00e7do gjurm\u00eb t\u00eb bashk\u00ebpunimit dhe marr\u00ebdh\u00ebnies me Fifin nga rrjetet sociale.<img decoding=\"async\" class=\"wp-image-22660 alignnone size-full\" src=\"https:\/\/evindepaketle.com\/wp\/wp-content\/uploads\/2025\/06\/image-6-3.jpg\" alt=\"\" width=\"558\" height=\"465\" \/><\/p>\n<p>Ky hap vjen mes raportimeve se krisja mes dy artisteve lidhet me ndarjen e fitimeve nga k\u00ebnga, ku m\u00ebsohet se Fifi kishte investuar vet\u00eb n\u00eb videoklipin muzikor, duke \u00e7uar n\u00eb nj\u00eb p\u00ebrplasje financiare dhe prishje t\u00eb marr\u00ebdh\u00ebnies.<img decoding=\"async\" class=\"wp-image-22661 alignnone size-full\" src=\"https:\/\/evindepaketle.com\/wp\/wp-content\/uploads\/2025\/06\/image-6-4.jpg\" alt=\"\" width=\"387\" height=\"750\" \/><\/p>\n<div id=\"evind-3749499396\" class=\"evind-aft-content evind-entity-placement\"><script async src=\"https:\/\/pagead2.googlesyndication.com\/pagead\/js\/adsbygoogle.js\"\r\n     crossorigin=\"anonymous\"><\/script>\r\n<ins class=\"adsbygoogle\"\r\n     style=\"display:block; text-align:center;\"\r\n     data-ad-layout=\"in-article\"\r\n     data-ad-format=\"fluid\"\r\n     data-ad-client=\"ca-pub-9502650571429605\"\r\n     data-page-url=\"https:\/\/evindepaketle.com\"\r\n     data-ad-slot=\"5205678616\"><\/ins>\r\n<script>\r\n     (adsbygoogle = window.adsbygoogle || []).push({});\r\n<\/script><\/div>","protected":false},"excerpt":{"rendered":"<p>Pas p\u00ebrfundimit t\u00eb \u201cBig Brother VIP\u201d, Egli Tako dhe Fifi &nbsp; nd\u00ebrtuan nj\u00eb raport t\u00eb af\u00ebrt q\u00eb u reflektua si n\u00eb jet\u00ebn private ashtu edhe n\u00eb bashk\u00ebpunimet artistike. K\u00ebng\u00ebt \u201cShuj shuj\u201d dhe \u201cKu je nis\u201d u publikuan si pjes\u00eb e nj\u00eb projekti t\u00eb p\u00ebrbashk\u00ebt q\u00eb mori v\u00ebmendje t\u00eb madhe nga publiku. Por miq\u00ebsia e tyre [&hellip;]<\/p>\n","protected":false},"author":1,"featured_media":19414,"comment_status":"open","ping_status":"closed","sticky":false,"template":"","format":"standard","meta":{"jnews-multi-image_gallery":[],"jnews_single_post":[],"jnews_primary_category":[],"jnews_social_meta":[],"jnews_review":[],"enable_review":"","type":"","name":"","summary":"","brand":"","sku":"","good":[],"bad":[],"score_override":"","override_value":"","rating":[],"price":[],"jnews_override_counter":[],"jnews_post_split":[],"footnotes":""},"categories":[44],"tags":[],"class_list":["post-19417","post","type-post","status-publish","format-standard","has-post-thumbnail","hentry","category-tvshow"],"_links":{"self":[{"href":"https:\/\/evindepaketle.com\/wp\/wp-json\/wp\/v2\/posts\/19417","targetHints":{"allow":["GET"]}}],"collection":[{"href":"https:\/\/evindepaketle.com\/wp\/wp-json\/wp\/v2\/posts"}],"about":[{"href":"https:\/\/evindepaketle.com\/wp\/wp-json\/wp\/v2\/types\/post"}],"author":[{"embeddable":true,"href":"https:\/\/evindepaketle.com\/wp\/wp-json\/wp\/v2\/users\/1"}],"replies":[{"embeddable":true,"href":"https:\/\/evindepaketle.com\/wp\/wp-json\/wp\/v2\/comments?post=19417"}],"version-history":[{"count":1,"href":"https:\/\/evindepaketle.com\/wp\/wp-json\/wp\/v2\/posts\/19417\/revisions"}],"predecessor-version":[{"id":19418,"href":"https:\/\/evindepaketle.com\/wp\/wp-json\/wp\/v2\/posts\/19417\/revisions\/19418"}],"wp:featuredmedia":[{"embeddable":true,"href":"https:\/\/evindepaketle.com\/wp\/wp-json\/wp\/v2\/media\/19414"}],"wp:attachment":[{"href":"https:\/\/evindepaketle.com\/wp\/wp-json\/wp\/v2\/media?parent=19417"}],"wp:term":[{"taxonomy":"category","embeddable":true,"href":"https:\/\/evindepaketle.com\/wp\/wp-json\/wp\/v2\/categories?post=19417"},{"taxonomy":"post_tag","embeddable":true,"href":"https:\/\/evindepaketle.com\/wp\/wp-json\/wp\/v2\/tags?post=19417"}],"curies":[{"name":"wp","href":"https:\/\/api.w.org\/{rel}","templated":true}]}}