{"id":19206,"date":"2025-06-05T08:07:36","date_gmt":"2025-06-05T08:07:36","guid":{"rendered":"https:\/\/evindepaketle.com\/wp\/?p=19206"},"modified":"2025-06-05T08:07:38","modified_gmt":"2025-06-05T08:07:38","slug":"veteritet-nje-punonjes-i-gardes-se-republikes-gjendet-pa-jete-brenda-makines","status":"publish","type":"post","link":"https:\/\/evindepaketle.com\/wp\/veteritet-nje-punonjes-i-gardes-se-republikes-gjendet-pa-jete-brenda-makines\/","title":{"rendered":"Vet\u00eb*ritet nj\u00eb punonj\u00ebs i gard\u00ebs s\u00eb Republik\u00ebs, gjendet pa jet\u00eb brenda makin\u00ebs&#8230;"},"content":{"rendered":"<div id=\"evind-4037259849\" class=\"evind-bf-imag-1 evind-entity-placement\"><div id=\"div-gpt-ad-1767907234185-0\" style=\"min-width:300px;min-height:250px;\"><\/div><\/div><p>Vet\u00ebvritet nj\u00eb punonj\u00ebs i gard\u00ebs s\u00eb Republik\u00ebs!<img fetchpriority=\"high\" decoding=\"async\" class=\"wp-image-22315 alignnone size-full\" src=\"https:\/\/evindepaketle.com\/wp\/wp-content\/uploads\/2025\/06\/image-4-11.jpg\" alt=\"\" width=\"750\" height=\"376\" \/><\/p>\n<p>Viktima \u00ebsht\u00eb identifikuar si shtetasi Gentian Lel\u00e7aj. Ngjarja ka ndodhur n\u00eb garazhin e makin\u00eb, pran\u00eb banes\u00ebs.<\/p><div id=\"evind-3362462996\" class=\"evind-aft-img-1 evind-entity-placement\"><div id=\"div-gpt-ad-1767907274482-0\" style=\"min-width:300px;min-height:250px;\"><\/div><\/div>\n<p>Asi \u00ebsht\u00eb gjetur n\u00eb makin\u00eb, i vet\u00ebvrar\u00eb me arm\u00ebn e sh\u00ebrbimit.<\/p>\n<p>M\u00ebsohet se ishte n\u00eb proces divorci me bashk\u00ebshorten.<\/p>\n<p>Njoftimi i Policis\u00eb<\/p>\n<p>M\u00eb dat\u00eb 05.06.2025, rreth or\u00ebs 02:00, n\u00eb rrug\u00ebn \u201cMihal Grameno\u201d, \u00ebsht\u00eb konstatuar pa shenja jete, n\u00eb automjetin e tij t\u00eb parkuar brenda garazhdit t\u00eb banes\u00ebs s\u00eb tij, dyshohet i vet\u00ebvrar\u00eb me arm\u00ebn e sh\u00ebrbimit, shtetasi G. L., 47 vje\u00e7, punonj\u00ebs i Gard\u00ebs s\u00eb Republik\u00ebs.<\/p>\n<p>Grupi hetimor vijon pun\u00ebn p\u00ebr sqarimin e plot\u00eb t\u00eb rrethanave t\u00eb rastit.<\/p>\n<div id=\"evind-3351513986\" class=\"evind-aft-content evind-entity-placement\"><script async src=\"https:\/\/pagead2.googlesyndication.com\/pagead\/js\/adsbygoogle.js\"\r\n     crossorigin=\"anonymous\"><\/script>\r\n<ins class=\"adsbygoogle\"\r\n     style=\"display:block; text-align:center;\"\r\n     data-ad-layout=\"in-article\"\r\n     data-ad-format=\"fluid\"\r\n     data-ad-client=\"ca-pub-9502650571429605\"\r\n     data-page-url=\"https:\/\/evindepaketle.com\"\r\n     data-ad-slot=\"5205678616\"><\/ins>\r\n<script>\r\n     (adsbygoogle = window.adsbygoogle || []).push({});\r\n<\/script><\/div>","protected":false},"excerpt":{"rendered":"<p>Vet\u00ebvritet nj\u00eb punonj\u00ebs i gard\u00ebs s\u00eb Republik\u00ebs! Viktima \u00ebsht\u00eb identifikuar si shtetasi Gentian Lel\u00e7aj. Ngjarja ka ndodhur n\u00eb garazhin e makin\u00eb, pran\u00eb banes\u00ebs. Asi \u00ebsht\u00eb gjetur n\u00eb makin\u00eb, i vet\u00ebvrar\u00eb me arm\u00ebn e sh\u00ebrbimit. M\u00ebsohet se ishte n\u00eb proces divorci me bashk\u00ebshorten. Njoftimi i Policis\u00eb M\u00eb dat\u00eb 05.06.2025, rreth or\u00ebs 02:00, n\u00eb rrug\u00ebn \u201cMihal Grameno\u201d, [&hellip;]<\/p>\n","protected":false},"author":1,"featured_media":19205,"comment_status":"open","ping_status":"closed","sticky":false,"template":"","format":"standard","meta":{"jnews-multi-image_gallery":[],"jnews_single_post":[],"jnews_primary_category":[],"jnews_social_meta":[],"jnews_review":[],"enable_review":"","type":"","name":"","summary":"","brand":"","sku":"","good":[],"bad":[],"score_override":"","override_value":"","rating":[],"price":[],"jnews_override_counter":[],"jnews_post_split":[],"footnotes":""},"categories":[44],"tags":[],"class_list":["post-19206","post","type-post","status-publish","format-standard","has-post-thumbnail","hentry","category-tvshow"],"_links":{"self":[{"href":"https:\/\/evindepaketle.com\/wp\/wp-json\/wp\/v2\/posts\/19206","targetHints":{"allow":["GET"]}}],"collection":[{"href":"https:\/\/evindepaketle.com\/wp\/wp-json\/wp\/v2\/posts"}],"about":[{"href":"https:\/\/evindepaketle.com\/wp\/wp-json\/wp\/v2\/types\/post"}],"author":[{"embeddable":true,"href":"https:\/\/evindepaketle.com\/wp\/wp-json\/wp\/v2\/users\/1"}],"replies":[{"embeddable":true,"href":"https:\/\/evindepaketle.com\/wp\/wp-json\/wp\/v2\/comments?post=19206"}],"version-history":[{"count":1,"href":"https:\/\/evindepaketle.com\/wp\/wp-json\/wp\/v2\/posts\/19206\/revisions"}],"predecessor-version":[{"id":19207,"href":"https:\/\/evindepaketle.com\/wp\/wp-json\/wp\/v2\/posts\/19206\/revisions\/19207"}],"wp:featuredmedia":[{"embeddable":true,"href":"https:\/\/evindepaketle.com\/wp\/wp-json\/wp\/v2\/media\/19205"}],"wp:attachment":[{"href":"https:\/\/evindepaketle.com\/wp\/wp-json\/wp\/v2\/media?parent=19206"}],"wp:term":[{"taxonomy":"category","embeddable":true,"href":"https:\/\/evindepaketle.com\/wp\/wp-json\/wp\/v2\/categories?post=19206"},{"taxonomy":"post_tag","embeddable":true,"href":"https:\/\/evindepaketle.com\/wp\/wp-json\/wp\/v2\/tags?post=19206"}],"curies":[{"name":"wp","href":"https:\/\/api.w.org\/{rel}","templated":true}]}}