{"id":19061,"date":"2025-06-03T12:15:37","date_gmt":"2025-06-03T12:15:37","guid":{"rendered":"https:\/\/evindepaketle.com\/wp\/?p=19061"},"modified":"2025-06-03T12:15:39","modified_gmt":"2025-06-03T12:15:39","slug":"loredana-nuk-heq-dore-nga-jozi-ky-eshte-veprimi-radhesben-namin-me-k","status":"publish","type":"post","link":"https:\/\/evindepaketle.com\/wp\/loredana-nuk-heq-dore-nga-jozi-ky-eshte-veprimi-radhesben-namin-me-k\/","title":{"rendered":"Loredana nuk heq dor\u00eb nga Jozi, ky \u00ebsht\u00eb veprimi radh\u00ebs:BEN NAMIN ME K&#8230;"},"content":{"rendered":"<div id=\"evind-3085328688\" class=\"evind-bf-imag-1 evind-entity-placement\"><div id=\"div-gpt-ad-1767907234185-0\" style=\"min-width:300px;min-height:250px;\"><\/div><\/div><p>Lidhja e shum\u00ebp\u00ebrfolur mes Loredan\u00ebs dhe Jozit ka<\/p>\n<p><img fetchpriority=\"high\" decoding=\"async\" class=\"wp-image-22146 alignnone size-full\" src=\"https:\/\/evindepaketle.com\/wp\/wp-content\/uploads\/2025\/06\/image-1-2.jpg\" alt=\"\" width=\"750\" height=\"385\" \/><\/p>\n<p>qen\u00eb prej koh\u00ebsh n\u00eb qend\u00ebr t\u00eb v\u00ebmendjes s\u00eb mediave roz\u00eb.<\/p><div id=\"evind-3588635983\" class=\"evind-aft-img-1 evind-entity-placement\"><div id=\"div-gpt-ad-1767907274482-0\" style=\"min-width:300px;min-height:250px;\"><\/div><\/div>\n<p>Dit\u00eb me par\u00eb Jozi ka hequr nga lista e ndjek\u00ebsve modelen dhe<\/p>\n<p>bashk\u00eb me t\u00eb edhe kujtimet nga e kaluara, duke e v\u00ebrtetuar se tashme nuk jan\u00eb bashk\u00eb.<\/p>\n<p>&nbsp;<\/p>\n<p>Por mesa duket Loredana nuk e ka nd\u00ebrmend te heq dor\u00eb nga ai, pak or\u00eb m\u00eb par\u00eb,<\/p>\n<p>ajo publikoi nj\u00eb video n\u00eb profilin e saj n\u00eb TikTok, ku n\u00eb sfond d\u00ebgjohej nj\u00eb nga k\u00ebng\u00ebt e Jozit.<\/p>\n<p>Ajo e shoq\u00ebroi videon me nj\u00eb mbishkrim dometh\u00ebn\u00ebs \u201cAna tjet\u00ebr e medaljes\u201d, nj\u00eb fraz\u00eb q\u00eb menj\u00ebher\u00eb ngjalli reagime t\u00eb shumta nga ndjek\u00ebsit.<img decoding=\"async\" class=\"wp-image-22147 alignnone size-full\" src=\"https:\/\/evindepaketle.com\/wp\/wp-content\/uploads\/2025\/06\/image-1-3.jpg\" alt=\"\" width=\"492\" height=\"750\" \/><\/p>\n<p>A \u00ebsht\u00eb kjo nj\u00eb tentativ\u00eb p\u00ebr pajtim apo thjesht nj\u00eb shprehje e ndjenjave t\u00eb pap\u00ebrmbajtura? Kjo mbetet p\u00ebr t\u2019u par\u00eb.<\/p>\n<div id=\"evind-2413976512\" class=\"evind-aft-content evind-entity-placement\"><script async src=\"https:\/\/pagead2.googlesyndication.com\/pagead\/js\/adsbygoogle.js\"\r\n     crossorigin=\"anonymous\"><\/script>\r\n<ins class=\"adsbygoogle\"\r\n     style=\"display:block; text-align:center;\"\r\n     data-ad-layout=\"in-article\"\r\n     data-ad-format=\"fluid\"\r\n     data-ad-client=\"ca-pub-9502650571429605\"\r\n     data-page-url=\"https:\/\/evindepaketle.com\"\r\n     data-ad-slot=\"5205678616\"><\/ins>\r\n<script>\r\n     (adsbygoogle = window.adsbygoogle || []).push({});\r\n<\/script><\/div>","protected":false},"excerpt":{"rendered":"<p>Lidhja e shum\u00ebp\u00ebrfolur mes Loredan\u00ebs dhe Jozit ka qen\u00eb prej koh\u00ebsh n\u00eb qend\u00ebr t\u00eb v\u00ebmendjes s\u00eb mediave roz\u00eb. Dit\u00eb me par\u00eb Jozi ka hequr nga lista e ndjek\u00ebsve modelen dhe bashk\u00eb me t\u00eb edhe kujtimet nga e kaluara, duke e v\u00ebrtetuar se tashme nuk jan\u00eb bashk\u00eb. &nbsp; Por mesa duket Loredana nuk e ka nd\u00ebrmend [&hellip;]<\/p>\n","protected":false},"author":1,"featured_media":19059,"comment_status":"open","ping_status":"closed","sticky":false,"template":"","format":"standard","meta":{"jnews-multi-image_gallery":[],"jnews_single_post":[],"jnews_primary_category":[],"jnews_social_meta":[],"jnews_review":[],"enable_review":"","type":"","name":"","summary":"","brand":"","sku":"","good":[],"bad":[],"score_override":"","override_value":"","rating":[],"price":[],"jnews_override_counter":[],"jnews_post_split":[],"footnotes":""},"categories":[44],"tags":[],"class_list":["post-19061","post","type-post","status-publish","format-standard","has-post-thumbnail","hentry","category-tvshow"],"_links":{"self":[{"href":"https:\/\/evindepaketle.com\/wp\/wp-json\/wp\/v2\/posts\/19061","targetHints":{"allow":["GET"]}}],"collection":[{"href":"https:\/\/evindepaketle.com\/wp\/wp-json\/wp\/v2\/posts"}],"about":[{"href":"https:\/\/evindepaketle.com\/wp\/wp-json\/wp\/v2\/types\/post"}],"author":[{"embeddable":true,"href":"https:\/\/evindepaketle.com\/wp\/wp-json\/wp\/v2\/users\/1"}],"replies":[{"embeddable":true,"href":"https:\/\/evindepaketle.com\/wp\/wp-json\/wp\/v2\/comments?post=19061"}],"version-history":[{"count":1,"href":"https:\/\/evindepaketle.com\/wp\/wp-json\/wp\/v2\/posts\/19061\/revisions"}],"predecessor-version":[{"id":19062,"href":"https:\/\/evindepaketle.com\/wp\/wp-json\/wp\/v2\/posts\/19061\/revisions\/19062"}],"wp:featuredmedia":[{"embeddable":true,"href":"https:\/\/evindepaketle.com\/wp\/wp-json\/wp\/v2\/media\/19059"}],"wp:attachment":[{"href":"https:\/\/evindepaketle.com\/wp\/wp-json\/wp\/v2\/media?parent=19061"}],"wp:term":[{"taxonomy":"category","embeddable":true,"href":"https:\/\/evindepaketle.com\/wp\/wp-json\/wp\/v2\/categories?post=19061"},{"taxonomy":"post_tag","embeddable":true,"href":"https:\/\/evindepaketle.com\/wp\/wp-json\/wp\/v2\/tags?post=19061"}],"curies":[{"name":"wp","href":"https:\/\/api.w.org\/{rel}","templated":true}]}}