{"id":18738,"date":"2025-05-31T07:00:21","date_gmt":"2025-05-31T07:00:21","guid":{"rendered":"https:\/\/evindepaketle.com\/wp\/?p=18738"},"modified":"2025-05-31T07:00:25","modified_gmt":"2025-05-31T07:00:25","slug":"krize-ne-marredhenie-mes-elgit-dodes-dhe-klea-hutes","status":"publish","type":"post","link":"https:\/\/evindepaketle.com\/wp\/krize-ne-marredhenie-mes-elgit-dodes-dhe-klea-hutes\/","title":{"rendered":"Kriz\u00eb n\u00eb marr\u00ebdh\u00ebnie mes Elgit Dod\u00ebs dhe Klea Hut\u00ebs?"},"content":{"rendered":"<div id=\"evind-4255630533\" class=\"evind-bf-imag-1 evind-entity-placement\"><div id=\"div-gpt-ad-1767907234185-0\" style=\"min-width:300px;min-height:250px;\"><\/div><\/div><p>Elgit Doda dhe Klea Huta jan\u00eb konsideruar p\u00ebr vite me<img fetchpriority=\"high\" decoding=\"async\" class=\"wp-image-21740 alignnone size-full\" src=\"https:\/\/evindepaketle.com\/wp\/wp-content\/uploads\/2025\/05\/image-27-9.jpg\" alt=\"\" width=\"750\" height=\"427\" \/> radh\u00eb nj\u00eb nga \u00e7iftet m\u00eb t\u00eb dashur dhe m\u00eb t\u00eb admiruar t\u00eb showbiz-it shqiptar.<\/p>\n<p>Me nj\u00eb kimi q\u00eb binte n\u00eb sy n\u00eb \u00e7do paraqitje publike dhe me nj\u00eb prani t\u00eb vazhdueshme n\u00eb rrjetet sociale, ata kan\u00eb nd\u00ebrtuar nj\u00eb imazh t\u00eb fort\u00eb t\u00eb dashuris\u00eb dhe familjes s\u00eb lumtur.<\/p><div id=\"evind-3043374325\" class=\"evind-aft-img-1 evind-entity-placement\"><div id=\"div-gpt-ad-1767907274482-0\" style=\"min-width:300px;min-height:250px;\"><\/div><\/div>\n<p>Por s\u00eb fundmi, ndjek\u00ebsit kan\u00eb v\u00ebn\u00eb re nj\u00eb munges\u00eb t\u00eb pazakont\u00eb t\u00eb dyshes n\u00eb rrjete sociale. Nuk ka m\u00eb postime t\u00eb p\u00ebrbashk\u00ebta, as komente t\u00eb nd\u00ebrsjella dhe as video familjare, gj\u00eb q\u00eb ka ngritur dyshimet p\u00ebr nj\u00eb kriz\u00eb n\u00eb marr\u00ebdh\u00ebnien e tyre.<\/p>\n<p>Ajo q\u00eb ka shtuar m\u00eb shum\u00eb dyshimet \u00ebsht\u00eb fakti se t\u00eb gjitha postimet ku shfaqeshin bashk\u00eb jan\u00eb fshir\u00eb nga profili i t\u00eb dyve n\u00eb Instagram.<\/p>\n<p>Ky veprim i papritur ka ngjallur reagime t\u00eb shumta nga fansat, t\u00eb cil\u00ebt kan\u00eb filluar t\u00eb spekulojn\u00eb p\u00ebr nj\u00eb ndarje t\u00eb mundshme.<\/p>\n<p>Megjithat\u00eb, nj\u00eb detaj i vog\u00ebl por dometh\u00ebn\u00ebs l\u00eb nj\u00eb der\u00eb hapur p\u00ebr shpres\u00eb: Elgiti dhe Klea vazhdojn\u00eb t\u00eb ndjekin nj\u00ebri-tjetrin n\u00eb Instagram, \u00e7ka mund t\u00eb tregoj\u00eb se marr\u00ebdh\u00ebnia mes tyre nuk \u00ebsht\u00eb p\u00ebrfunduar, por mund t\u00eb jet\u00eb n\u00eb nj\u00eb faz\u00eb delikate.<img decoding=\"async\" class=\"wp-image-21738 alignnone size-full\" src=\"https:\/\/evindepaketle.com\/wp\/wp-content\/uploads\/2025\/05\/image-27-7.jpg\" alt=\"\" width=\"750\" height=\"638\" \/><\/p>\n<p>Deri tani, asnj\u00ebri prej tyre nuk ka reaguar publikisht p\u00ebr t\u00eb sqaruar situat\u00ebn, duke l\u00ebn\u00eb gjith\u00e7ka n\u00eb kuad\u00ebr t\u00eb thashethemeve dhe hamend\u00ebsimeve.<img decoding=\"async\" class=\"wp-image-21739 alignnone size-full\" src=\"https:\/\/evindepaketle.com\/wp\/wp-content\/uploads\/2025\/05\/image-27-8.jpg\" alt=\"\" width=\"750\" height=\"630\" \/><\/p>\n<div id=\"evind-508609541\" class=\"evind-aft-content evind-entity-placement\"><script async src=\"https:\/\/pagead2.googlesyndication.com\/pagead\/js\/adsbygoogle.js\"\r\n     crossorigin=\"anonymous\"><\/script>\r\n<ins class=\"adsbygoogle\"\r\n     style=\"display:block; text-align:center;\"\r\n     data-ad-layout=\"in-article\"\r\n     data-ad-format=\"fluid\"\r\n     data-ad-client=\"ca-pub-9502650571429605\"\r\n     data-page-url=\"https:\/\/evindepaketle.com\"\r\n     data-ad-slot=\"5205678616\"><\/ins>\r\n<script>\r\n     (adsbygoogle = window.adsbygoogle || []).push({});\r\n<\/script><\/div>","protected":false},"excerpt":{"rendered":"<p>Elgit Doda dhe Klea Huta jan\u00eb konsideruar p\u00ebr vite me radh\u00eb nj\u00eb nga \u00e7iftet m\u00eb t\u00eb dashur dhe m\u00eb t\u00eb admiruar t\u00eb showbiz-it shqiptar. Me nj\u00eb kimi q\u00eb binte n\u00eb sy n\u00eb \u00e7do paraqitje publike dhe me nj\u00eb prani t\u00eb vazhdueshme n\u00eb rrjetet sociale, ata kan\u00eb nd\u00ebrtuar nj\u00eb imazh t\u00eb fort\u00eb t\u00eb dashuris\u00eb dhe familjes [&hellip;]<\/p>\n","protected":false},"author":1,"featured_media":18735,"comment_status":"open","ping_status":"closed","sticky":false,"template":"","format":"standard","meta":{"jnews-multi-image_gallery":[],"jnews_single_post":[],"jnews_primary_category":[],"jnews_social_meta":[],"jnews_review":[],"enable_review":"","type":"","name":"","summary":"","brand":"","sku":"","good":[],"bad":[],"score_override":"","override_value":"","rating":[],"price":[],"jnews_override_counter":[],"jnews_post_split":[],"footnotes":""},"categories":[44],"tags":[],"class_list":["post-18738","post","type-post","status-publish","format-standard","has-post-thumbnail","hentry","category-tvshow"],"_links":{"self":[{"href":"https:\/\/evindepaketle.com\/wp\/wp-json\/wp\/v2\/posts\/18738","targetHints":{"allow":["GET"]}}],"collection":[{"href":"https:\/\/evindepaketle.com\/wp\/wp-json\/wp\/v2\/posts"}],"about":[{"href":"https:\/\/evindepaketle.com\/wp\/wp-json\/wp\/v2\/types\/post"}],"author":[{"embeddable":true,"href":"https:\/\/evindepaketle.com\/wp\/wp-json\/wp\/v2\/users\/1"}],"replies":[{"embeddable":true,"href":"https:\/\/evindepaketle.com\/wp\/wp-json\/wp\/v2\/comments?post=18738"}],"version-history":[{"count":1,"href":"https:\/\/evindepaketle.com\/wp\/wp-json\/wp\/v2\/posts\/18738\/revisions"}],"predecessor-version":[{"id":18739,"href":"https:\/\/evindepaketle.com\/wp\/wp-json\/wp\/v2\/posts\/18738\/revisions\/18739"}],"wp:featuredmedia":[{"embeddable":true,"href":"https:\/\/evindepaketle.com\/wp\/wp-json\/wp\/v2\/media\/18735"}],"wp:attachment":[{"href":"https:\/\/evindepaketle.com\/wp\/wp-json\/wp\/v2\/media?parent=18738"}],"wp:term":[{"taxonomy":"category","embeddable":true,"href":"https:\/\/evindepaketle.com\/wp\/wp-json\/wp\/v2\/categories?post=18738"},{"taxonomy":"post_tag","embeddable":true,"href":"https:\/\/evindepaketle.com\/wp\/wp-json\/wp\/v2\/tags?post=18738"}],"curies":[{"name":"wp","href":"https:\/\/api.w.org\/{rel}","templated":true}]}}