{"id":18622,"date":"2025-05-29T16:33:58","date_gmt":"2025-05-29T16:33:58","guid":{"rendered":"https:\/\/evindepaketle.com\/wp\/?p=18622"},"modified":"2025-05-29T16:33:59","modified_gmt":"2025-05-29T16:33:59","slug":"ajo-eshte-depresive-gazetarja-shperthen-ndaj-eglit-ja-cfare-po-i-ben-gjestit-2","status":"publish","type":"post","link":"https:\/\/evindepaketle.com\/wp\/ajo-eshte-depresive-gazetarja-shperthen-ndaj-eglit-ja-cfare-po-i-ben-gjestit-2\/","title":{"rendered":"\u201cAjo \u00ebsht\u00eb depresive\u2026\u201d\/ Gazetarja shp\u00ebrthen ndaj Eglit: Ja cfare po i ben Gjestit\u2026"},"content":{"rendered":"<div id=\"evind-83291677\" class=\"evind-bf-imag-1 evind-entity-placement\"><div id=\"div-gpt-ad-1767907234185-0\" style=\"min-width:300px;min-height:250px;\"><\/div><\/div><p>Gazetarja Enki Bra\u00e7aj ka qen\u00eb e ftuar n\u00eb \u201cLive From Tirana\u201d<\/p>\n<p><img fetchpriority=\"high\" decoding=\"async\" class=\"wp-image-21565 alignnone size-full\" src=\"https:\/\/evindepaketle.com\/wp\/wp-content\/uploads\/2025\/05\/image-25-3.jpg\" alt=\"\" width=\"750\" height=\"390\" \/><\/p>\n<p>&nbsp;<\/p>\n<p>&nbsp;<\/p>\n<p>me Ronaldo Shark\u00ebn, ku ka folur m\u00eb shum\u00eb p\u00ebr lajmet e fundit q\u00eb kan\u00eb b\u00ebr\u00eb buj\u00eb n\u00eb bot\u00ebn e showbiz-it.<\/p><div id=\"evind-2462641168\" class=\"evind-aft-img-1 evind-entity-placement\"><div id=\"div-gpt-ad-1767907274482-0\" style=\"min-width:300px;min-height:250px;\"><\/div><\/div>\n<p>Ajo \u00ebsht\u00eb ndalur edhe te k\u00ebnga e re e ish-finalistes s\u00eb \u201cBig Brother VIP 4\u201d, Egli Tako, ku nuk i ka kursyer thumbat p\u00ebr t\u00eb.<\/p>\n<p>\u201cTani ajo po tregohet e zgjuar, q\u00eb m\u00eb n\u00eb fund me k\u00ebt\u00eb histori, ajo po fiton, se boll humbi.<\/p>\n<p>Ajo \u00ebsht\u00eb depresive, sepse q\u00eb \u00ebsht\u00eb nj\u00eb mesazh i qart\u00eb p\u00ebr Gjestin, k\u00ebt\u00eb e dim\u00eb t\u00eb gjith\u00eb. Dhe sot e k\u00ebsaj dite, ajo vazhdon dhe i thot\u00eb:<\/p>\n<p>\u201cUn\u00eb nuk t\u00eb fal\u201d \u2013 n\u00ebse e d\u00ebgjojm\u00eb tekstin \u2013 dhe pastaj thot\u00eb \u201cse zemra m\u00eb sjell te ti\u201d. Kjo nuk ndodh n\u00eb realitet.<\/p>\n<p>N\u00ebse un\u00eb t\u00eb urrej, t\u00eb urrej\u201d, tha gazetarja.<\/p>\n<p>E pyetur \u2018nuk mendon se je nxituar pak me termin \u201cdepresive\u201d?\u2019, Enki u p\u00ebrgjigj:<\/p>\n<p>\u201dJo, absolutisht. Jemi b\u00ebr\u00eb tani me k\u00ebt\u00eb \u2018bullizmin\u2019, \u2018depresionin\u2019, kemi frik\u00eb t\u00eb themi mendimin ton\u00eb, n\u00eb k\u00ebt\u00eb koh\u00eb q\u00eb gjith\u00eb njer\u00ebzit kan\u00eb probleme mendore. Depresive, \u00ebsht\u00eb nj\u00eb person q\u00eb shikon vet\u00ebm zi dhe un\u00eb mendoj se shikon vet\u00ebm zi. Sepse \u00ebsht\u00eb nj\u00eb vajz\u00eb q\u00eb mori gjith\u00eb at\u00eb fam\u00eb nga BBV, at\u00eb fam\u00eb po e p\u00ebrdor p\u00ebr fama dhe para, bravo n\u00eb fund t\u00eb dit\u00ebs.<\/p>\n<p>Por mund t\u2019a p\u00ebrdorte shum\u00eb m\u00eb mir\u00eb dhe mund t\u2019a p\u00ebrdorte larg hijes s\u00eb Gjestit. Nuk mendoj se ajo duhet t\u00eb vazhdoj\u00eb karrier\u00ebn e saj muzikore, t\u00eb flas\u00eb vet\u00ebm p\u00ebr ish-at n\u00eb k\u00ebt\u00eb jet\u00eb. Mua nuk m\u00eb p\u00eblqeu, m\u2019u duk depresive\u201d.<\/p>\n<div id=\"evind-3570275863\" class=\"evind-aft-content evind-entity-placement\"><script async src=\"https:\/\/pagead2.googlesyndication.com\/pagead\/js\/adsbygoogle.js\"\r\n     crossorigin=\"anonymous\"><\/script>\r\n<ins class=\"adsbygoogle\"\r\n     style=\"display:block; text-align:center;\"\r\n     data-ad-layout=\"in-article\"\r\n     data-ad-format=\"fluid\"\r\n     data-ad-client=\"ca-pub-9502650571429605\"\r\n     data-page-url=\"https:\/\/evindepaketle.com\"\r\n     data-ad-slot=\"5205678616\"><\/ins>\r\n<script>\r\n     (adsbygoogle = window.adsbygoogle || []).push({});\r\n<\/script><\/div>","protected":false},"excerpt":{"rendered":"<p>Gazetarja Enki Bra\u00e7aj ka qen\u00eb e ftuar n\u00eb \u201cLive From Tirana\u201d &nbsp; &nbsp; me Ronaldo Shark\u00ebn, ku ka folur m\u00eb shum\u00eb p\u00ebr lajmet e fundit q\u00eb kan\u00eb b\u00ebr\u00eb buj\u00eb n\u00eb bot\u00ebn e showbiz-it. Ajo \u00ebsht\u00eb ndalur edhe te k\u00ebnga e re e ish-finalistes s\u00eb \u201cBig Brother VIP 4\u201d, Egli Tako, ku nuk i ka kursyer [&hellip;]<\/p>\n","protected":false},"author":1,"featured_media":18621,"comment_status":"open","ping_status":"closed","sticky":false,"template":"","format":"standard","meta":{"jnews-multi-image_gallery":[],"jnews_single_post":[],"jnews_primary_category":[],"jnews_social_meta":[],"jnews_review":[],"enable_review":"","type":"","name":"","summary":"","brand":"","sku":"","good":[],"bad":[],"score_override":"","override_value":"","rating":[],"price":[],"jnews_override_counter":[],"jnews_post_split":[],"footnotes":""},"categories":[44],"tags":[],"class_list":["post-18622","post","type-post","status-publish","format-standard","has-post-thumbnail","hentry","category-tvshow"],"_links":{"self":[{"href":"https:\/\/evindepaketle.com\/wp\/wp-json\/wp\/v2\/posts\/18622","targetHints":{"allow":["GET"]}}],"collection":[{"href":"https:\/\/evindepaketle.com\/wp\/wp-json\/wp\/v2\/posts"}],"about":[{"href":"https:\/\/evindepaketle.com\/wp\/wp-json\/wp\/v2\/types\/post"}],"author":[{"embeddable":true,"href":"https:\/\/evindepaketle.com\/wp\/wp-json\/wp\/v2\/users\/1"}],"replies":[{"embeddable":true,"href":"https:\/\/evindepaketle.com\/wp\/wp-json\/wp\/v2\/comments?post=18622"}],"version-history":[{"count":1,"href":"https:\/\/evindepaketle.com\/wp\/wp-json\/wp\/v2\/posts\/18622\/revisions"}],"predecessor-version":[{"id":18623,"href":"https:\/\/evindepaketle.com\/wp\/wp-json\/wp\/v2\/posts\/18622\/revisions\/18623"}],"wp:featuredmedia":[{"embeddable":true,"href":"https:\/\/evindepaketle.com\/wp\/wp-json\/wp\/v2\/media\/18621"}],"wp:attachment":[{"href":"https:\/\/evindepaketle.com\/wp\/wp-json\/wp\/v2\/media?parent=18622"}],"wp:term":[{"taxonomy":"category","embeddable":true,"href":"https:\/\/evindepaketle.com\/wp\/wp-json\/wp\/v2\/categories?post=18622"},{"taxonomy":"post_tag","embeddable":true,"href":"https:\/\/evindepaketle.com\/wp\/wp-json\/wp\/v2\/tags?post=18622"}],"curies":[{"name":"wp","href":"https:\/\/api.w.org\/{rel}","templated":true}]}}