{"id":17971,"date":"2025-05-21T19:32:06","date_gmt":"2025-05-21T19:32:06","guid":{"rendered":"https:\/\/evindepaketle.com\/wp\/?p=17971"},"modified":"2025-05-21T19:32:08","modified_gmt":"2025-05-21T19:32:08","slug":"u-perplas-me-banoret-neda-balluku-flet-pas-bbv-nuk-kam-miqesi-me-banoret-sepse","status":"publish","type":"post","link":"https:\/\/evindepaketle.com\/wp\/u-perplas-me-banoret-neda-balluku-flet-pas-bbv-nuk-kam-miqesi-me-banoret-sepse\/","title":{"rendered":"U &#8216;perplas&#8217; me banoret???  Neda Balluku flet pas BBV: Nuk kam miq\u00ebsi me banor\u00ebt sepse\u2026"},"content":{"rendered":"<div id=\"evind-828806868\" class=\"evind-bf-imag-1 evind-entity-placement\"><div id=\"div-gpt-ad-1767907234185-0\" style=\"min-width:300px;min-height:250px;\"><\/div><\/div><p>N\u00eb nj\u00eb dalje p\u00ebr her\u00eb t\u00eb par\u00eb pas BBV, Neda Balluku ka treguar gjith\u00eb emocionet dhe m\u00ebsimet e nj\u00eb eksperience t\u00eb till\u00eb.<img fetchpriority=\"high\" decoding=\"async\" class=\"wp-image-20666 alignnone size-full\" src=\"https:\/\/evindepaketle.com\/wp\/wp-content\/uploads\/2025\/05\/image-18-90.jpg\" alt=\"\" width=\"750\" height=\"404\" \/><\/p>\n<p>\u201cKur mbaron BBV prihet me thik\u00eb. Do nj\u00eb lloj kohe p\u00ebr ta marr\u00eb pak veten.<\/p><div id=\"evind-3622546638\" class=\"evind-aft-img-1 evind-entity-placement\"><div id=\"div-gpt-ad-1767907274482-0\" style=\"min-width:300px;min-height:250px;\"><\/div><\/div>\n<p>Por mbetet eksperienca m\u00eb e bukur e pun\u00ebs n\u00eb jet\u00ebn time\u201d, tregoi Neda.<\/p>\n<p>E pyetur me tej, Balluku shtoi se n\u00eb k\u00ebt\u00eb edicion t\u00eb BBV ka fituar 2 miqesi shum\u00eb t\u00eb vlefshme si ajo me Arb\u00ebr Hajdarin dhe Sara Hoxh\u00ebn, producenten e \u201cBBV\u201d.<\/p>\n<p>Lidhur me qasjen, miq\u00ebsit\u00eb e raportet me banor\u00ebt e BBV, Neda pohoi se nuk g\u00ebzon miq\u00ebsi, por \u00ebsht\u00eb fansja m\u00eb e madhe tyre duke i v\u00ebshtruar nga larg e duke i uruar shum\u00eb suksese.<\/p>\n<p>E pyetur nga Bieta lidhur me dy kunet\u00ebrit e saj, personazhe publik\u00eb t\u00eb p\u00ebrfshir\u00eb n\u00eb politik\u00eb,<\/p>\n<p>nga Belinda Balluku te Neli Demi, Neda pohoi se ata t\u00eb dy jan\u00eb dy njer\u00ebz t\u00eb jasht\u00ebzakonsh\u00ebm dhe yje n\u00eb fush\u00ebn e tyre.<iframe title=\"YouTube video player\" src=\"https:\/\/www.youtube.com\/embed\/VQ_6fmPGGVY?si=bAlxsWaa3x_U7hiC\" width=\"560\" height=\"315\" frameborder=\"0\" allowfullscreen=\"allowfullscreen\"><\/iframe><\/p>\n<div id=\"evind-476986825\" class=\"evind-aft-content evind-entity-placement\"><script async src=\"https:\/\/pagead2.googlesyndication.com\/pagead\/js\/adsbygoogle.js\"\r\n     crossorigin=\"anonymous\"><\/script>\r\n<ins class=\"adsbygoogle\"\r\n     style=\"display:block; text-align:center;\"\r\n     data-ad-layout=\"in-article\"\r\n     data-ad-format=\"fluid\"\r\n     data-ad-client=\"ca-pub-9502650571429605\"\r\n     data-page-url=\"https:\/\/evindepaketle.com\"\r\n     data-ad-slot=\"5205678616\"><\/ins>\r\n<script>\r\n     (adsbygoogle = window.adsbygoogle || []).push({});\r\n<\/script><\/div>","protected":false},"excerpt":{"rendered":"<p>N\u00eb nj\u00eb dalje p\u00ebr her\u00eb t\u00eb par\u00eb pas BBV, Neda Balluku ka treguar gjith\u00eb emocionet dhe m\u00ebsimet e nj\u00eb eksperience t\u00eb till\u00eb. \u201cKur mbaron BBV prihet me thik\u00eb. Do nj\u00eb lloj kohe p\u00ebr ta marr\u00eb pak veten. Por mbetet eksperienca m\u00eb e bukur e pun\u00ebs n\u00eb jet\u00ebn time\u201d, tregoi Neda. E pyetur me tej, Balluku [&hellip;]<\/p>\n","protected":false},"author":1,"featured_media":17970,"comment_status":"open","ping_status":"closed","sticky":false,"template":"","format":"standard","meta":{"jnews-multi-image_gallery":[],"jnews_single_post":[],"jnews_primary_category":[],"jnews_social_meta":[],"jnews_review":[],"enable_review":"","type":"","name":"","summary":"","brand":"","sku":"","good":[],"bad":[],"score_override":"","override_value":"","rating":[],"price":[],"jnews_override_counter":[],"jnews_post_split":[],"footnotes":""},"categories":[44],"tags":[],"class_list":["post-17971","post","type-post","status-publish","format-standard","has-post-thumbnail","hentry","category-tvshow"],"_links":{"self":[{"href":"https:\/\/evindepaketle.com\/wp\/wp-json\/wp\/v2\/posts\/17971","targetHints":{"allow":["GET"]}}],"collection":[{"href":"https:\/\/evindepaketle.com\/wp\/wp-json\/wp\/v2\/posts"}],"about":[{"href":"https:\/\/evindepaketle.com\/wp\/wp-json\/wp\/v2\/types\/post"}],"author":[{"embeddable":true,"href":"https:\/\/evindepaketle.com\/wp\/wp-json\/wp\/v2\/users\/1"}],"replies":[{"embeddable":true,"href":"https:\/\/evindepaketle.com\/wp\/wp-json\/wp\/v2\/comments?post=17971"}],"version-history":[{"count":1,"href":"https:\/\/evindepaketle.com\/wp\/wp-json\/wp\/v2\/posts\/17971\/revisions"}],"predecessor-version":[{"id":17972,"href":"https:\/\/evindepaketle.com\/wp\/wp-json\/wp\/v2\/posts\/17971\/revisions\/17972"}],"wp:featuredmedia":[{"embeddable":true,"href":"https:\/\/evindepaketle.com\/wp\/wp-json\/wp\/v2\/media\/17970"}],"wp:attachment":[{"href":"https:\/\/evindepaketle.com\/wp\/wp-json\/wp\/v2\/media?parent=17971"}],"wp:term":[{"taxonomy":"category","embeddable":true,"href":"https:\/\/evindepaketle.com\/wp\/wp-json\/wp\/v2\/categories?post=17971"},{"taxonomy":"post_tag","embeddable":true,"href":"https:\/\/evindepaketle.com\/wp\/wp-json\/wp\/v2\/tags?post=17971"}],"curies":[{"name":"wp","href":"https:\/\/api.w.org\/{rel}","templated":true}]}}