{"id":17733,"date":"2025-05-19T14:15:09","date_gmt":"2025-05-19T14:15:09","guid":{"rendered":"https:\/\/evindepaketle.com\/wp\/?p=17733"},"modified":"2025-05-19T14:15:10","modified_gmt":"2025-05-19T14:15:10","slug":"u-akuzua-se-dhnoi-vjehrrin-dhe-vjehrren-flet-nusja-ata-me-bu","status":"publish","type":"post","link":"https:\/\/evindepaketle.com\/wp\/u-akuzua-se-dhnoi-vjehrrin-dhe-vjehrren-flet-nusja-ata-me-bu\/","title":{"rendered":"U akuzua se dh*noi vjehrrin dhe vjehrr\u00ebn, flet nusja: Ata m\u00eb bu&#8230;"},"content":{"rendered":"<div id=\"evind-1361676564\" class=\"evind-bf-imag-1 evind-entity-placement\"><div id=\"div-gpt-ad-1767907234185-0\" style=\"min-width:300px;min-height:250px;\"><\/div><\/div><p>N\u00eb emisionin me \u201cZem\u00ebr t\u00eb Hapur\u201c \u00ebsht\u00eb trajtuar historia e Etlev\u00ebs<\/p>\n<p><img fetchpriority=\"high\" decoding=\"async\" class=\"wp-image-20364 alignnone size-full\" src=\"https:\/\/evindepaketle.com\/wp\/wp-content\/uploads\/2025\/05\/image-18-59.jpg\" alt=\"\" width=\"750\" height=\"425\" \/><\/p>\n<p>&nbsp;<\/p>\n<p>&nbsp;<\/p>\n<p>e cila \u00ebsht\u00eb akuzuar p\u00ebr dhun\u00eb ndaj vjehrrit dhe vjehrr\u00ebs, nj\u00eb ngjarje e cila ka ndodhur disa vite m\u00eb par\u00eb. Ajo \u00ebsht\u00eb rikthyer p\u00ebrs\u00ebri n\u00eb studio, duke dh\u00ebn\u00eb versionin e saj t\u00eb ngjarjes.<\/p><div id=\"evind-4247403860\" class=\"evind-aft-img-1 evind-entity-placement\"><div id=\"div-gpt-ad-1767907274482-0\" style=\"min-width:300px;min-height:250px;\"><\/div><\/div>\n<p>Gjat\u00eb rr\u00ebfimit t\u00eb saj, Etleva deklaroi se p\u00ebr t\u00eb ka qen\u00eb nj\u00eb periudh\u00eb e v\u00ebshtir\u00eb dhe se \u00ebsht\u00eb b\u00ebr\u00eb m\u00eb e fort\u00eb p\u00ebr hir t\u00eb f\u00ebmij\u00ebve t\u00eb saj. Ajo tregoi gjithashtu se me ish-bashk\u00ebshortin ishte njohur n\u00eb rrjetin social Facebook dhe pas disa koh\u00ebsh kishin realizuar edhe fejes\u00ebn<\/p>\n<p>M\u00eb tej, Etleva shtoi se se ai e kishte g\u00ebnjyer se kishte ndenja p\u00ebr t\u00eb dhe se q\u00ebllimi i tij i vet\u00ebm ishte q\u00eb ajo t\u00eb shkonte t i sh\u00ebrbente nj\u00eb gruaje e cila i kishte premtuar se do i linte pasurin\u00eb e saj pasi jetonte vet\u00ebm.<\/p>\n<p>\u201cUn\u00eb jam b\u00ebr\u00eb shum\u00eb e fort\u00eb vet\u00ebm p\u00ebr f\u00ebmij\u00ebt e mi. Ka q\u00ebn\u00eb nj\u00eb periudh\u00eb shum\u00eb e v\u00ebshtir\u00eb. Me Afrimin jam njohur n\u00eb Facebook. Pas disa jav\u00ebsh ne realizuam fejes\u00ebn. Ai m\u00eb kishte g\u00ebnjyer p\u00ebr fejes\u00ebn sepse d\u00ebshironte q\u00eb un\u00eb t\u00eb shkoja t\u2019i sh\u00ebrbeja nj\u00eb zonje e cila jeton n\u00eb Himar\u00eb dhe ajo pasi jetonte vet\u00ebm do t\u2019i linte pasurin\u00eb e saj\u201d, tha ajo.<\/p>\n<p>Etleva theksoi se gjat\u00eb martes\u00ebs, ajo ka qen\u00eb e bullizuar nga vjehrra e saj pasi ajo nuk ishte dakord p\u00ebr martes\u00ebn e tyre. Ajo tha se ai kishte ushtruar dhun\u00eb ndaj saj edhe kur ajo ishte shtatz\u00ebn\u00eb pasi ajo nuk kishte shkuar t\u00eb vizitonte vjehrr\u00ebn.<\/p>\n<p>Sipas saj, Afrimi parat\u00eb e fituara nga emigracioni n\u00eb Itali, nuk i jepte p\u00ebr f\u00ebmij\u00ebt e tyre t\u00eb mitur, por \u00e7do gj\u00eb shkonte p\u00ebr prind\u00ebrit e tij.<\/p>\n<p>\u201cAi ishte shum\u00eb i paq\u00ebndruesh\u00ebm emocionalisht\u00eb dhe gjithashtu mora vesh se ai kishte q\u00ebn\u00eb edhe i fejuar m\u00eb p\u00ebrpara. Kur kam shkuar t\u00eb jetoja tek sht\u00ebpia e tij, vjehrra nuk m\u00eb donte dhe gjat\u00eb gjith\u00eb koh\u00ebs m\u00eb perqeshte dhe k\u00ebrkonte t\u00eb konfliktohej me mua. Ajo nuk ishte dakord q\u00eb ne t\u00eb dy t\u00eb b\u00ebnim dasm\u00ebn. Afrimi ka ushtruar dhun\u00eb ndaj meje edhe kur isha shtatz\u00ebn\u00eb, m\u00eb godiste me shkelma dhe grushta tek barku p\u00ebr arsye se un\u00eb nuk vizitoja vjehrr\u00ebn. Afrimi \u00e7do gj\u00eb q\u00eb fitonte nuk i jepte p\u00ebr f\u00ebmij\u00ebt ton\u00eb, por p\u00ebr prind\u00ebrit e tij dhe un\u00eb nuk kam folur pasi nuk kisha as mb\u00ebshtjetjen e familjes time\u201d, theksoi Etleva.<\/p>\n<p>N\u00eb fjal\u00ebn e saj, ajo tha se edhe vjehrri i saj kishte tentuar ta godiste me tull\u00eb. Ajo gjithashtu mohoi se kishte goditur kunatin dhe vjehrr\u00ebn me xhama, dhe se \u00e7do gj\u00eb e kishte b\u00ebr\u00eb nga inati.<\/p>\n<p>\u201cAfrimi nj\u00eb dit\u00eb telefonoi edhe babain tim duke i th\u00ebn\u00eb se do m\u00eb vriste dhe do m\u00eb d\u00ebrgonte me arkivol n\u00eb sht\u00ebpin\u00eb time. Edhe vjehrri ka tentuar t\u00eb m\u00eb godiste me tull\u00eb. Dit\u00ebn e ngjarjes vjehrra dhe vjehrri donin t\u00eb m\u00eb p\u00ebrzinin nga sht\u00ebpia dhe pasi Afrimi ka ardhur nga Italia m\u00eb ka goditur duke m\u00eb kapur prej flok\u00ebsh dhe vjehrra dhe vjehrri vet\u00ebm shikonin dhe qeshnin. Un\u00eb kam goditur vet\u00ebm dy xhama dhe e kam b\u00ebr\u00eb vet\u00ebm prej inatit\u201d, p\u00ebrfundoi ajo.<\/p>\n<div id=\"evind-48822263\" class=\"evind-aft-content evind-entity-placement\"><script async src=\"https:\/\/pagead2.googlesyndication.com\/pagead\/js\/adsbygoogle.js\"\r\n     crossorigin=\"anonymous\"><\/script>\r\n<ins class=\"adsbygoogle\"\r\n     style=\"display:block; text-align:center;\"\r\n     data-ad-layout=\"in-article\"\r\n     data-ad-format=\"fluid\"\r\n     data-ad-client=\"ca-pub-9502650571429605\"\r\n     data-page-url=\"https:\/\/evindepaketle.com\"\r\n     data-ad-slot=\"5205678616\"><\/ins>\r\n<script>\r\n     (adsbygoogle = window.adsbygoogle || []).push({});\r\n<\/script><\/div>","protected":false},"excerpt":{"rendered":"<p>N\u00eb emisionin me \u201cZem\u00ebr t\u00eb Hapur\u201c \u00ebsht\u00eb trajtuar historia e Etlev\u00ebs &nbsp; &nbsp; e cila \u00ebsht\u00eb akuzuar p\u00ebr dhun\u00eb ndaj vjehrrit dhe vjehrr\u00ebs, nj\u00eb ngjarje e cila ka ndodhur disa vite m\u00eb par\u00eb. Ajo \u00ebsht\u00eb rikthyer p\u00ebrs\u00ebri n\u00eb studio, duke dh\u00ebn\u00eb versionin e saj t\u00eb ngjarjes. Gjat\u00eb rr\u00ebfimit t\u00eb saj, Etleva deklaroi se p\u00ebr t\u00eb [&hellip;]<\/p>\n","protected":false},"author":1,"featured_media":17732,"comment_status":"open","ping_status":"closed","sticky":false,"template":"","format":"standard","meta":{"jnews-multi-image_gallery":[],"jnews_single_post":[],"jnews_primary_category":[],"jnews_social_meta":[],"jnews_review":[],"enable_review":"","type":"","name":"","summary":"","brand":"","sku":"","good":[],"bad":[],"score_override":"","override_value":"","rating":[],"price":[],"jnews_override_counter":[],"jnews_post_split":[],"footnotes":""},"categories":[44],"tags":[],"class_list":["post-17733","post","type-post","status-publish","format-standard","has-post-thumbnail","hentry","category-tvshow"],"_links":{"self":[{"href":"https:\/\/evindepaketle.com\/wp\/wp-json\/wp\/v2\/posts\/17733","targetHints":{"allow":["GET"]}}],"collection":[{"href":"https:\/\/evindepaketle.com\/wp\/wp-json\/wp\/v2\/posts"}],"about":[{"href":"https:\/\/evindepaketle.com\/wp\/wp-json\/wp\/v2\/types\/post"}],"author":[{"embeddable":true,"href":"https:\/\/evindepaketle.com\/wp\/wp-json\/wp\/v2\/users\/1"}],"replies":[{"embeddable":true,"href":"https:\/\/evindepaketle.com\/wp\/wp-json\/wp\/v2\/comments?post=17733"}],"version-history":[{"count":1,"href":"https:\/\/evindepaketle.com\/wp\/wp-json\/wp\/v2\/posts\/17733\/revisions"}],"predecessor-version":[{"id":17734,"href":"https:\/\/evindepaketle.com\/wp\/wp-json\/wp\/v2\/posts\/17733\/revisions\/17734"}],"wp:featuredmedia":[{"embeddable":true,"href":"https:\/\/evindepaketle.com\/wp\/wp-json\/wp\/v2\/media\/17732"}],"wp:attachment":[{"href":"https:\/\/evindepaketle.com\/wp\/wp-json\/wp\/v2\/media?parent=17733"}],"wp:term":[{"taxonomy":"category","embeddable":true,"href":"https:\/\/evindepaketle.com\/wp\/wp-json\/wp\/v2\/categories?post=17733"},{"taxonomy":"post_tag","embeddable":true,"href":"https:\/\/evindepaketle.com\/wp\/wp-json\/wp\/v2\/tags?post=17733"}],"curies":[{"name":"wp","href":"https:\/\/api.w.org\/{rel}","templated":true}]}}