{"id":16876,"date":"2025-05-09T12:24:14","date_gmt":"2025-05-09T12:24:14","guid":{"rendered":"https:\/\/evindepaketle.com\/wp\/?p=16876"},"modified":"2025-05-09T12:24:15","modified_gmt":"2025-05-09T12:24:15","slug":"a-ishte-ky-urimi-i-jozit-per-ditelindjen-e-gjestit","status":"publish","type":"post","link":"https:\/\/evindepaketle.com\/wp\/a-ishte-ky-urimi-i-jozit-per-ditelindjen-e-gjestit\/","title":{"rendered":"A ishte ky urimi i Jozit p\u00ebr dit\u00eblindjen e Gjestit?"},"content":{"rendered":"<div id=\"evind-2612698865\" class=\"evind-bf-imag-1 evind-entity-placement\"><div id=\"div-gpt-ad-1767907234185-0\" style=\"min-width:300px;min-height:250px;\"><\/div><\/div><p>Joz Marku ka trazuar rrjetin me nj\u00eb postim n\u00eb instastory.<img fetchpriority=\"high\" decoding=\"async\" class=\"wp-image-19143 alignnone size-full\" src=\"https:\/\/evindepaketle.com\/wp\/wp-content\/uploads\/2025\/05\/image-9-16.jpg\" alt=\"\" width=\"750\" height=\"447\" \/><\/p>\n<p>Ai ka publikuar nj\u00eb got\u00eb me ver\u00eb dhe posht\u00eb saj ka shkruar:<\/p><div id=\"evind-832539707\" class=\"evind-aft-img-1 evind-entity-placement\"><div id=\"div-gpt-ad-1767907274482-0\" style=\"min-width:300px;min-height:250px;\"><\/div><\/div>\n<p>\u201cHajt g\u00ebzuar\u201d<\/p>\n<p>Ndjek\u00ebsit e ish banorit k\u00ebt\u00eb veprim t\u00eb tij e aluduan si nj\u00eb urim\u00eb p\u00ebr dit\u00eblindjen e Gjestit, shkruan Kosovarja.<\/p>\n<p>Kjo l\u00ebvizje e Jozit a \u00ebsht\u00eb nj\u00eb ngacmim mediatik apo!<\/p>\n<p>Megjith\u00ebse Gjesti dje festoj dit\u00eblindjen i rrethuar me miqt\u00eb e tij m\u00eb t\u00eb af\u00ebrt.<\/p>\n<div id=\"evind-2537474180\" class=\"evind-aft-content evind-entity-placement\"><script async src=\"https:\/\/pagead2.googlesyndication.com\/pagead\/js\/adsbygoogle.js\"\r\n     crossorigin=\"anonymous\"><\/script>\r\n<ins class=\"adsbygoogle\"\r\n     style=\"display:block; text-align:center;\"\r\n     data-ad-layout=\"in-article\"\r\n     data-ad-format=\"fluid\"\r\n     data-ad-client=\"ca-pub-9502650571429605\"\r\n     data-page-url=\"https:\/\/evindepaketle.com\"\r\n     data-ad-slot=\"5205678616\"><\/ins>\r\n<script>\r\n     (adsbygoogle = window.adsbygoogle || []).push({});\r\n<\/script><\/div>","protected":false},"excerpt":{"rendered":"<p>Joz Marku ka trazuar rrjetin me nj\u00eb postim n\u00eb instastory. Ai ka publikuar nj\u00eb got\u00eb me ver\u00eb dhe posht\u00eb saj ka shkruar: \u201cHajt g\u00ebzuar\u201d Ndjek\u00ebsit e ish banorit k\u00ebt\u00eb veprim t\u00eb tij e aluduan si nj\u00eb urim\u00eb p\u00ebr dit\u00eblindjen e Gjestit, shkruan Kosovarja. Kjo l\u00ebvizje e Jozit a \u00ebsht\u00eb nj\u00eb ngacmim mediatik apo! Megjith\u00ebse Gjesti [&hellip;]<\/p>\n","protected":false},"author":1,"featured_media":16875,"comment_status":"open","ping_status":"closed","sticky":false,"template":"","format":"standard","meta":{"jnews-multi-image_gallery":[],"jnews_single_post":[],"jnews_primary_category":[],"jnews_social_meta":[],"jnews_review":[],"enable_review":"","type":"","name":"","summary":"","brand":"","sku":"","good":[],"bad":[],"score_override":"","override_value":"","rating":[],"price":[],"jnews_override_counter":[],"jnews_post_split":[],"footnotes":""},"categories":[44],"tags":[],"class_list":["post-16876","post","type-post","status-publish","format-standard","has-post-thumbnail","hentry","category-tvshow"],"_links":{"self":[{"href":"https:\/\/evindepaketle.com\/wp\/wp-json\/wp\/v2\/posts\/16876","targetHints":{"allow":["GET"]}}],"collection":[{"href":"https:\/\/evindepaketle.com\/wp\/wp-json\/wp\/v2\/posts"}],"about":[{"href":"https:\/\/evindepaketle.com\/wp\/wp-json\/wp\/v2\/types\/post"}],"author":[{"embeddable":true,"href":"https:\/\/evindepaketle.com\/wp\/wp-json\/wp\/v2\/users\/1"}],"replies":[{"embeddable":true,"href":"https:\/\/evindepaketle.com\/wp\/wp-json\/wp\/v2\/comments?post=16876"}],"version-history":[{"count":1,"href":"https:\/\/evindepaketle.com\/wp\/wp-json\/wp\/v2\/posts\/16876\/revisions"}],"predecessor-version":[{"id":16877,"href":"https:\/\/evindepaketle.com\/wp\/wp-json\/wp\/v2\/posts\/16876\/revisions\/16877"}],"wp:featuredmedia":[{"embeddable":true,"href":"https:\/\/evindepaketle.com\/wp\/wp-json\/wp\/v2\/media\/16875"}],"wp:attachment":[{"href":"https:\/\/evindepaketle.com\/wp\/wp-json\/wp\/v2\/media?parent=16876"}],"wp:term":[{"taxonomy":"category","embeddable":true,"href":"https:\/\/evindepaketle.com\/wp\/wp-json\/wp\/v2\/categories?post=16876"},{"taxonomy":"post_tag","embeddable":true,"href":"https:\/\/evindepaketle.com\/wp\/wp-json\/wp\/v2\/tags?post=16876"}],"curies":[{"name":"wp","href":"https:\/\/api.w.org\/{rel}","templated":true}]}}