{"id":16798,"date":"2025-05-08T16:21:50","date_gmt":"2025-05-08T16:21:50","guid":{"rendered":"https:\/\/evindepaketle.com\/wp\/?p=16798"},"modified":"2025-05-08T16:21:52","modified_gmt":"2025-05-08T16:21:52","slug":"reagon-luiz-ejlli-pas-vendimit-te-apelit-emocionon-me-fjalet-per-kiara-titon","status":"publish","type":"post","link":"https:\/\/evindepaketle.com\/wp\/reagon-luiz-ejlli-pas-vendimit-te-apelit-emocionon-me-fjalet-per-kiara-titon\/","title":{"rendered":"Reagon Luiz Ejlli pas vendimit t\u00eb Apelit, emocionon me fjal\u00ebt p\u00ebr Kiara Titon"},"content":{"rendered":"<div id=\"evind-1195784410\" class=\"evind-bf-imag-1 evind-entity-placement\"><div id=\"div-gpt-ad-1767907234185-0\" style=\"min-width:300px;min-height:250px;\"><\/div><\/div><p>Pas vendimit t\u00eb Gjykat\u00ebs s\u00eb Apelit q\u00eb e shpalli t\u00eb pafajsh\u00ebm p\u00ebr akuz\u00ebn<\/p>\n<p><img fetchpriority=\"high\" decoding=\"async\" class=\"wp-image-19014 alignnone size-full\" src=\"https:\/\/evindepaketle.com\/wp\/wp-content\/uploads\/2025\/05\/image-8-8.jpg\" alt=\"\" width=\"750\" height=\"463\" \/><\/p>\n<p>e falsifikimit t\u00eb dokumenteve, Luiz Ejlli ka reaguar publikisht me nj\u00eb video t\u00eb postuar n\u00eb Instagram.<\/p><div id=\"evind-1596616192\" class=\"evind-aft-img-1 evind-entity-placement\"><div id=\"div-gpt-ad-1767907274482-0\" style=\"min-width:300px;min-height:250px;\"><\/div><\/div>\n<p>N\u00eb reagimin e tij, k\u00ebng\u00ebtari shprehet mes t\u00eb tjeraah:<\/p>\n<p>\u201cPas nj\u00eb beteje t\u00eb gjat\u00eb me padrejt\u00ebsin\u00eb, drejt\u00ebsia foli qart\u00eb: Jam i pafajsh\u00ebm!\u201d<\/p>\n<p>&nbsp;<\/p>\n<p>Postimi i Luizit u shoq\u00ebrua me emocione t\u00eb forta dhe i \u00ebsht\u00eb drejtuar edhe bashk\u00ebshortes s\u00eb tij, Kiara Titos, duke th\u00ebn\u00eb:<\/p>\n<p>\u201cKiara \u00ebsht\u00eb drita q\u00eb ndri\u00e7oi jet\u00ebn time kur m\u00eb duhej m\u00eb shum\u00eb dhe dua ta mbaj p\u00ebrjet\u00eb\u201d.<\/p>\n<div style=\"position: relative; width: 100%; height: 0px; padding-bottom: 177.778%;\"><iframe style=\"border: none; width: 100%; height: 100%; position: absolute; left: 0px; top: 0px; overflow: hidden;\" src=\"https:\/\/streamable.com\/e\/kdfee4?\" width=\"100%\" height=\"100%\" allowfullscreen=\"allowfullscreen\"><\/iframe><\/div>\n<p>Reagimi vjen si nj\u00eb mbyllje publike e nj\u00eb kapitulli t\u00eb v\u00ebshtir\u00eb p\u00ebr artistin, q\u00eb tashm\u00eb duket se ka nj\u00eb rrug\u00eb m\u00eb t\u00eb qart\u00eb p\u00ebrpara.<\/p>\n<div style=\"position: relative; width: 100%; height: 0px; padding-bottom: 177.778%;\"><iframe style=\"border: none; width: 100%; height: 100%; position: absolute; left: 0px; top: 0px; overflow: hidden;\" src=\"https:\/\/streamable.com\/e\/il5wb3?\" width=\"100%\" height=\"100%\" allowfullscreen=\"allowfullscreen\"><\/iframe><\/div>\n<div id=\"evind-714403422\" class=\"evind-aft-content evind-entity-placement\"><script async src=\"https:\/\/pagead2.googlesyndication.com\/pagead\/js\/adsbygoogle.js\"\r\n     crossorigin=\"anonymous\"><\/script>\r\n<ins class=\"adsbygoogle\"\r\n     style=\"display:block; text-align:center;\"\r\n     data-ad-layout=\"in-article\"\r\n     data-ad-format=\"fluid\"\r\n     data-ad-client=\"ca-pub-9502650571429605\"\r\n     data-page-url=\"https:\/\/evindepaketle.com\"\r\n     data-ad-slot=\"5205678616\"><\/ins>\r\n<script>\r\n     (adsbygoogle = window.adsbygoogle || []).push({});\r\n<\/script><\/div>","protected":false},"excerpt":{"rendered":"<p>Pas vendimit t\u00eb Gjykat\u00ebs s\u00eb Apelit q\u00eb e shpalli t\u00eb pafajsh\u00ebm p\u00ebr akuz\u00ebn e falsifikimit t\u00eb dokumenteve, Luiz Ejlli ka reaguar publikisht me nj\u00eb video t\u00eb postuar n\u00eb Instagram. N\u00eb reagimin e tij, k\u00ebng\u00ebtari shprehet mes t\u00eb tjeraah: \u201cPas nj\u00eb beteje t\u00eb gjat\u00eb me padrejt\u00ebsin\u00eb, drejt\u00ebsia foli qart\u00eb: Jam i pafajsh\u00ebm!\u201d &nbsp; Postimi i Luizit [&hellip;]<\/p>\n","protected":false},"author":1,"featured_media":16797,"comment_status":"open","ping_status":"closed","sticky":false,"template":"","format":"standard","meta":{"jnews-multi-image_gallery":[],"jnews_single_post":[],"jnews_primary_category":[],"jnews_social_meta":[],"jnews_review":[],"enable_review":"","type":"","name":"","summary":"","brand":"","sku":"","good":[],"bad":[],"score_override":"","override_value":"","rating":[],"price":[],"jnews_override_counter":[],"jnews_post_split":[],"footnotes":""},"categories":[44],"tags":[],"class_list":["post-16798","post","type-post","status-publish","format-standard","has-post-thumbnail","hentry","category-tvshow"],"_links":{"self":[{"href":"https:\/\/evindepaketle.com\/wp\/wp-json\/wp\/v2\/posts\/16798","targetHints":{"allow":["GET"]}}],"collection":[{"href":"https:\/\/evindepaketle.com\/wp\/wp-json\/wp\/v2\/posts"}],"about":[{"href":"https:\/\/evindepaketle.com\/wp\/wp-json\/wp\/v2\/types\/post"}],"author":[{"embeddable":true,"href":"https:\/\/evindepaketle.com\/wp\/wp-json\/wp\/v2\/users\/1"}],"replies":[{"embeddable":true,"href":"https:\/\/evindepaketle.com\/wp\/wp-json\/wp\/v2\/comments?post=16798"}],"version-history":[{"count":1,"href":"https:\/\/evindepaketle.com\/wp\/wp-json\/wp\/v2\/posts\/16798\/revisions"}],"predecessor-version":[{"id":16799,"href":"https:\/\/evindepaketle.com\/wp\/wp-json\/wp\/v2\/posts\/16798\/revisions\/16799"}],"wp:featuredmedia":[{"embeddable":true,"href":"https:\/\/evindepaketle.com\/wp\/wp-json\/wp\/v2\/media\/16797"}],"wp:attachment":[{"href":"https:\/\/evindepaketle.com\/wp\/wp-json\/wp\/v2\/media?parent=16798"}],"wp:term":[{"taxonomy":"category","embeddable":true,"href":"https:\/\/evindepaketle.com\/wp\/wp-json\/wp\/v2\/categories?post=16798"},{"taxonomy":"post_tag","embeddable":true,"href":"https:\/\/evindepaketle.com\/wp\/wp-json\/wp\/v2\/tags?post=16798"}],"curies":[{"name":"wp","href":"https:\/\/api.w.org\/{rel}","templated":true}]}}