{"id":15678,"date":"2025-04-27T10:04:27","date_gmt":"2025-04-27T10:04:27","guid":{"rendered":"https:\/\/evindepaketle.com\/wp\/?p=15678"},"modified":"2025-04-27T10:04:29","modified_gmt":"2025-04-27T10:04:29","slug":"egli-dhe-gjesti-i-pergjigjen-thashethemeve","status":"publish","type":"post","link":"https:\/\/evindepaketle.com\/wp\/egli-dhe-gjesti-i-pergjigjen-thashethemeve\/","title":{"rendered":"Egli dhe Gjesti i p\u00ebrgjigjen thash\u00ebth\u00ebm\u00ebve"},"content":{"rendered":"<div id=\"evind-4285675089\" class=\"evind-bf-imag-1 evind-entity-placement\"><div id=\"div-gpt-ad-1767907234185-0\" style=\"min-width:300px;min-height:250px;\"><\/div><\/div><p>Gjat\u00eb k\u00ebtyre dit\u00ebve ka pasur spekulime t\u00eb shumta n\u00eb lidhje me Eglin dhe Gjestin.<img fetchpriority=\"high\" decoding=\"async\" class=\"wp-image-17407 alignnone size-full\" src=\"https:\/\/evindepaketle.com\/wp\/wp-content\/uploads\/2025\/04\/image-37-7.jpg\" alt=\"\" width=\"750\" height=\"425\" \/><\/p>\n<p>Kjo e para ka deklaruar se prind\u00ebrit e Gjestit p\u00ebr shkak t\u00eb emocioneve, pas finales s\u00eb madhe, kan\u00eb qen\u00eb t\u00eb emocionuar, n\u00eb publik, sipas saj, takimi me tyre \u00ebsht\u00eb par\u00eb si i \u201cftoh\u00ebt\u201d por nuk q\u00ebndron ashtu.<\/p><div id=\"evind-3216450057\" class=\"evind-aft-img-1 evind-entity-placement\"><div id=\"div-gpt-ad-1767907274482-0\" style=\"min-width:300px;min-height:250px;\"><\/div><\/div>\n<p>Po ashtu, ajo ka mohuar edhe akuzat e Gent Ferr\u00ebs se para se t\u00eb hynte n\u00eb Big kishte l\u00ebn\u00eb nj\u00eb lidhje jasht\u00eb.<\/p>\n<p>Nd\u00ebrkaq p\u00ebr ish t\u00eb dashuren e Gjestit, ky i fundit ka th\u00ebn\u00eb se pas daljes nuk kan\u00eb patur kontakt.<\/p>\n<div id=\"evind-3426641204\" class=\"evind-aft-content evind-entity-placement\"><script async src=\"https:\/\/pagead2.googlesyndication.com\/pagead\/js\/adsbygoogle.js\"\r\n     crossorigin=\"anonymous\"><\/script>\r\n<ins class=\"adsbygoogle\"\r\n     style=\"display:block; text-align:center;\"\r\n     data-ad-layout=\"in-article\"\r\n     data-ad-format=\"fluid\"\r\n     data-ad-client=\"ca-pub-9502650571429605\"\r\n     data-page-url=\"https:\/\/evindepaketle.com\"\r\n     data-ad-slot=\"5205678616\"><\/ins>\r\n<script>\r\n     (adsbygoogle = window.adsbygoogle || []).push({});\r\n<\/script><\/div>","protected":false},"excerpt":{"rendered":"<p>Gjat\u00eb k\u00ebtyre dit\u00ebve ka pasur spekulime t\u00eb shumta n\u00eb lidhje me Eglin dhe Gjestin. Kjo e para ka deklaruar se prind\u00ebrit e Gjestit p\u00ebr shkak t\u00eb emocioneve, pas finales s\u00eb madhe, kan\u00eb qen\u00eb t\u00eb emocionuar, n\u00eb publik, sipas saj, takimi me tyre \u00ebsht\u00eb par\u00eb si i \u201cftoh\u00ebt\u201d por nuk q\u00ebndron ashtu. Po ashtu, ajo ka [&hellip;]<\/p>\n","protected":false},"author":1,"featured_media":15677,"comment_status":"open","ping_status":"closed","sticky":false,"template":"","format":"standard","meta":{"jnews-multi-image_gallery":[],"jnews_single_post":[],"jnews_primary_category":[],"jnews_social_meta":[],"jnews_review":[],"enable_review":"","type":"","name":"","summary":"","brand":"","sku":"","good":[],"bad":[],"score_override":"","override_value":"","rating":[],"price":[],"jnews_override_counter":[],"jnews_post_split":[],"footnotes":""},"categories":[44],"tags":[],"class_list":["post-15678","post","type-post","status-publish","format-standard","has-post-thumbnail","hentry","category-tvshow"],"_links":{"self":[{"href":"https:\/\/evindepaketle.com\/wp\/wp-json\/wp\/v2\/posts\/15678","targetHints":{"allow":["GET"]}}],"collection":[{"href":"https:\/\/evindepaketle.com\/wp\/wp-json\/wp\/v2\/posts"}],"about":[{"href":"https:\/\/evindepaketle.com\/wp\/wp-json\/wp\/v2\/types\/post"}],"author":[{"embeddable":true,"href":"https:\/\/evindepaketle.com\/wp\/wp-json\/wp\/v2\/users\/1"}],"replies":[{"embeddable":true,"href":"https:\/\/evindepaketle.com\/wp\/wp-json\/wp\/v2\/comments?post=15678"}],"version-history":[{"count":1,"href":"https:\/\/evindepaketle.com\/wp\/wp-json\/wp\/v2\/posts\/15678\/revisions"}],"predecessor-version":[{"id":15679,"href":"https:\/\/evindepaketle.com\/wp\/wp-json\/wp\/v2\/posts\/15678\/revisions\/15679"}],"wp:featuredmedia":[{"embeddable":true,"href":"https:\/\/evindepaketle.com\/wp\/wp-json\/wp\/v2\/media\/15677"}],"wp:attachment":[{"href":"https:\/\/evindepaketle.com\/wp\/wp-json\/wp\/v2\/media?parent=15678"}],"wp:term":[{"taxonomy":"category","embeddable":true,"href":"https:\/\/evindepaketle.com\/wp\/wp-json\/wp\/v2\/categories?post=15678"},{"taxonomy":"post_tag","embeddable":true,"href":"https:\/\/evindepaketle.com\/wp\/wp-json\/wp\/v2\/tags?post=15678"}],"curies":[{"name":"wp","href":"https:\/\/api.w.org\/{rel}","templated":true}]}}