{"id":14289,"date":"2025-04-15T15:38:32","date_gmt":"2025-04-15T15:38:32","guid":{"rendered":"https:\/\/evindepaketle.com\/wp\/?p=14289"},"modified":"2025-04-15T15:38:35","modified_gmt":"2025-04-15T15:38:35","slug":"reagon-xum-allushi-pasi-fiksimi-i-tij-egli-u-martua-me-gjestin-e-krahason-ciftin-me-foto","status":"publish","type":"post","link":"https:\/\/evindepaketle.com\/wp\/reagon-xum-allushi-pasi-fiksimi-i-tij-egli-u-martua-me-gjestin-e-krahason-ciftin-me-foto\/","title":{"rendered":"Reagon Xum Allushi pasi \u201cfiksimi\u201d i tij Egli u martua me Gjestin \u2014 E krahason \u00e7iftin me\u2026 (Foto)"},"content":{"rendered":"<div id=\"evind-46195151\" class=\"evind-bf-imag-1 evind-entity-placement\"><div id=\"div-gpt-ad-1767907234185-0\" style=\"min-width:300px;min-height:250px;\"><\/div><\/div><p>Dasma e shum\u00ebpritur mes Eglit dhe Gjestit n\u00eb sht\u00ebpin\u00eb e Big Brother VIP Albania<\/p>\n<p><img fetchpriority=\"high\" decoding=\"async\" class=\"wp-image-15337 alignnone size-full\" src=\"https:\/\/evindepaketle.com\/wp\/wp-content\/uploads\/2025\/04\/image-21-34.jpg\" alt=\"\" width=\"750\" height=\"429\" \/><\/p>\n<p>&nbsp;<\/p>\n<p>u komentua gjer\u00ebsisht n\u00eb rrjete sociale, jo vet\u00ebm nga publiku por edhe nga ish-banor\u00ebt.<\/p><div id=\"evind-2014621874\" class=\"evind-aft-img-1 evind-entity-placement\"><div id=\"div-gpt-ad-1767907274482-0\" style=\"min-width:300px;min-height:250px;\"><\/div><\/div>\n<p>Nj\u00eb prej reagimeve q\u00eb t\u00ebrhoqi v\u00ebmendje ishte ai i Xum Allushit, i cili m\u00eb her\u00ebt kishte shprehur hapur p\u00eblqimin e tij p\u00ebr Eglin gjat\u00eb q\u00ebndrimit n\u00eb sht\u00ebpi.<\/p>\n<p>Pas eliminimit, Xumi ka reaguar disa her\u00eb p\u00ebr dinamik\u00ebn mes Eglit dhe Gjestit, por k\u00ebt\u00eb her\u00eb zgjodhi nj\u00eb m\u00ebnyr\u00eb m\u00eb ironike p\u00ebr t\u00eb shprehur mendimin e tij.<\/p>\n<p>Ai postoi nj\u00eb foto nga telekomedia e njohur shqiptare P\u00ebrrall\u00eb nga e kaluara, ku shfaqen personazhet Gjino dhe Marigo, duke b\u00ebr\u00eb nj\u00eb paraleliz\u00ebm me \u00e7iftin e sapomartuar t\u00eb BBV.<\/p>\n<p>Me k\u00ebt\u00eb postim, ai duket se i referohet diferenc\u00ebs s\u00eb mosh\u00ebs mes Eglit dhe Gjestit, ngjash\u00ebm me personazhet e komedis\u00eb.<img decoding=\"async\" class=\"wp-image-15336 alignnone size-full\" src=\"https:\/\/evindepaketle.com\/wp\/wp-content\/uploads\/2025\/04\/image-21-33.jpg\" alt=\"\" width=\"435\" height=\"750\" \/><\/p>\n<div id=\"evind-2685863585\" class=\"evind-aft-content evind-entity-placement\"><script async src=\"https:\/\/pagead2.googlesyndication.com\/pagead\/js\/adsbygoogle.js\"\r\n     crossorigin=\"anonymous\"><\/script>\r\n<ins class=\"adsbygoogle\"\r\n     style=\"display:block; text-align:center;\"\r\n     data-ad-layout=\"in-article\"\r\n     data-ad-format=\"fluid\"\r\n     data-ad-client=\"ca-pub-9502650571429605\"\r\n     data-page-url=\"https:\/\/evindepaketle.com\"\r\n     data-ad-slot=\"5205678616\"><\/ins>\r\n<script>\r\n     (adsbygoogle = window.adsbygoogle || []).push({});\r\n<\/script><\/div>","protected":false},"excerpt":{"rendered":"<p>Dasma e shum\u00ebpritur mes Eglit dhe Gjestit n\u00eb sht\u00ebpin\u00eb e Big Brother VIP Albania &nbsp; u komentua gjer\u00ebsisht n\u00eb rrjete sociale, jo vet\u00ebm nga publiku por edhe nga ish-banor\u00ebt. Nj\u00eb prej reagimeve q\u00eb t\u00ebrhoqi v\u00ebmendje ishte ai i Xum Allushit, i cili m\u00eb her\u00ebt kishte shprehur hapur p\u00eblqimin e tij p\u00ebr Eglin gjat\u00eb q\u00ebndrimit n\u00eb [&hellip;]<\/p>\n","protected":false},"author":1,"featured_media":14287,"comment_status":"open","ping_status":"closed","sticky":false,"template":"","format":"standard","meta":{"jnews-multi-image_gallery":[],"jnews_single_post":[],"jnews_primary_category":[],"jnews_social_meta":[],"jnews_review":[],"enable_review":"","type":"","name":"","summary":"","brand":"","sku":"","good":[],"bad":[],"score_override":"","override_value":"","rating":[],"price":[],"jnews_override_counter":[],"jnews_post_split":[],"footnotes":""},"categories":[44],"tags":[],"class_list":["post-14289","post","type-post","status-publish","format-standard","has-post-thumbnail","hentry","category-tvshow"],"_links":{"self":[{"href":"https:\/\/evindepaketle.com\/wp\/wp-json\/wp\/v2\/posts\/14289","targetHints":{"allow":["GET"]}}],"collection":[{"href":"https:\/\/evindepaketle.com\/wp\/wp-json\/wp\/v2\/posts"}],"about":[{"href":"https:\/\/evindepaketle.com\/wp\/wp-json\/wp\/v2\/types\/post"}],"author":[{"embeddable":true,"href":"https:\/\/evindepaketle.com\/wp\/wp-json\/wp\/v2\/users\/1"}],"replies":[{"embeddable":true,"href":"https:\/\/evindepaketle.com\/wp\/wp-json\/wp\/v2\/comments?post=14289"}],"version-history":[{"count":1,"href":"https:\/\/evindepaketle.com\/wp\/wp-json\/wp\/v2\/posts\/14289\/revisions"}],"predecessor-version":[{"id":14290,"href":"https:\/\/evindepaketle.com\/wp\/wp-json\/wp\/v2\/posts\/14289\/revisions\/14290"}],"wp:featuredmedia":[{"embeddable":true,"href":"https:\/\/evindepaketle.com\/wp\/wp-json\/wp\/v2\/media\/14287"}],"wp:attachment":[{"href":"https:\/\/evindepaketle.com\/wp\/wp-json\/wp\/v2\/media?parent=14289"}],"wp:term":[{"taxonomy":"category","embeddable":true,"href":"https:\/\/evindepaketle.com\/wp\/wp-json\/wp\/v2\/categories?post=14289"},{"taxonomy":"post_tag","embeddable":true,"href":"https:\/\/evindepaketle.com\/wp\/wp-json\/wp\/v2\/tags?post=14289"}],"curies":[{"name":"wp","href":"https:\/\/api.w.org\/{rel}","templated":true}]}}