{"id":14243,"date":"2025-04-15T09:00:20","date_gmt":"2025-04-15T09:00:20","guid":{"rendered":"https:\/\/evindepaketle.com\/wp\/?p=14243"},"modified":"2025-04-15T09:00:23","modified_gmt":"2025-04-15T09:00:23","slug":"skene-qe-se-priste-askush-ne-big-brother-neda-dhe-rozana-perplasen-me-nje-shtrengim-duarsh","status":"publish","type":"post","link":"https:\/\/evindepaketle.com\/wp\/skene-qe-se-priste-askush-ne-big-brother-neda-dhe-rozana-perplasen-me-nje-shtrengim-duarsh\/","title":{"rendered":"Sken\u00eb q\u00eb s\u2019e priste askush n\u00eb Big Brother: Neda dhe Rozana \u2018p\u00ebrplasen\u2019 me nj\u00eb shtr\u00ebngim duarsh?"},"content":{"rendered":"<div id=\"evind-1625312900\" class=\"evind-bf-imag-1 evind-entity-placement\"><div id=\"div-gpt-ad-1767907234185-0\" style=\"min-width:300px;min-height:250px;\"><\/div><\/div><p>Gjat\u00eb dasm\u00ebs s\u00eb Gjestit dhe Eglit n\u00eb Big Brother VIP Albania,<\/p>\n<p><img fetchpriority=\"high\" decoding=\"async\" class=\"wp-image-15274 alignnone size-full\" src=\"https:\/\/evindepaketle.com\/wp\/wp-content\/uploads\/2025\/04\/image-21-25.jpg\" alt=\"\" width=\"750\" height=\"456\" \/><\/p>\n<p>ndodhi nj\u00eb moment q\u00eb nuk pritej: Rozana Radi dhe Neda Balluku,<\/p><div id=\"evind-3321309899\" class=\"evind-aft-img-1 evind-entity-placement\"><div id=\"div-gpt-ad-1767907274482-0\" style=\"min-width:300px;min-height:250px;\"><\/div><\/div>\n<p>t\u00eb njohura p\u00ebr debatet dhe tensionet e m\u00ebparshme, shk\u00ebmbyen nj\u00eb p\u00ebrsh\u00ebndetje miq\u00ebsore.<\/p>\n<p>Gjesti u shfaq n\u00eb ceremoni i shoq\u00ebruar nga Rozana, e cila i zgjati dor\u00ebn Ned\u00ebs duke i th\u00ebn\u00eb \u201cMir\u00ebmbr\u00ebma\u201d. Neda reagoi qet\u00ebsisht dhe ia zgjati dor\u00ebn n\u00eb kthim.<\/p>\n<p>Ky veprim u komentua jo pak n\u00eb rrjetet sociale, pasi p\u00ebrplasjet e tyre gjat\u00eb Prime-ve dhe postimet e dikurshme kritike nga Rozana kishin krijuar p\u00ebrshtypjen se mes tyre nuk kishte m\u00eb hap\u00ebsir\u00eb p\u00ebr miq\u00ebsi.<\/p>\n<p>Megjithat\u00eb, p\u00ebrsh\u00ebndetja tregoi se ndonj\u00ebher\u00eb edhe n\u00eb reality-show, gjestet e thjeshta thon\u00eb shum\u00eb.<img decoding=\"async\" class=\"wp-image-15273 alignnone size-full\" src=\"https:\/\/evindepaketle.com\/wp\/wp-content\/uploads\/2025\/04\/image-21-24.jpg\" alt=\"\" width=\"715\" height=\"750\" \/><\/p>\n<div id=\"evind-4126685043\" class=\"evind-aft-content evind-entity-placement\"><script async src=\"https:\/\/pagead2.googlesyndication.com\/pagead\/js\/adsbygoogle.js\"\r\n     crossorigin=\"anonymous\"><\/script>\r\n<ins class=\"adsbygoogle\"\r\n     style=\"display:block; text-align:center;\"\r\n     data-ad-layout=\"in-article\"\r\n     data-ad-format=\"fluid\"\r\n     data-ad-client=\"ca-pub-9502650571429605\"\r\n     data-page-url=\"https:\/\/evindepaketle.com\"\r\n     data-ad-slot=\"5205678616\"><\/ins>\r\n<script>\r\n     (adsbygoogle = window.adsbygoogle || []).push({});\r\n<\/script><\/div>","protected":false},"excerpt":{"rendered":"<p>Gjat\u00eb dasm\u00ebs s\u00eb Gjestit dhe Eglit n\u00eb Big Brother VIP Albania, ndodhi nj\u00eb moment q\u00eb nuk pritej: Rozana Radi dhe Neda Balluku, t\u00eb njohura p\u00ebr debatet dhe tensionet e m\u00ebparshme, shk\u00ebmbyen nj\u00eb p\u00ebrsh\u00ebndetje miq\u00ebsore. Gjesti u shfaq n\u00eb ceremoni i shoq\u00ebruar nga Rozana, e cila i zgjati dor\u00ebn Ned\u00ebs duke i th\u00ebn\u00eb \u201cMir\u00ebmbr\u00ebma\u201d. Neda reagoi [&hellip;]<\/p>\n","protected":false},"author":1,"featured_media":14241,"comment_status":"open","ping_status":"closed","sticky":false,"template":"","format":"standard","meta":{"jnews-multi-image_gallery":[],"jnews_single_post":[],"jnews_primary_category":[],"jnews_social_meta":[],"jnews_review":[],"enable_review":"","type":"","name":"","summary":"","brand":"","sku":"","good":[],"bad":[],"score_override":"","override_value":"","rating":[],"price":[],"jnews_override_counter":[],"jnews_post_split":[],"footnotes":""},"categories":[44],"tags":[],"class_list":["post-14243","post","type-post","status-publish","format-standard","has-post-thumbnail","hentry","category-tvshow"],"_links":{"self":[{"href":"https:\/\/evindepaketle.com\/wp\/wp-json\/wp\/v2\/posts\/14243","targetHints":{"allow":["GET"]}}],"collection":[{"href":"https:\/\/evindepaketle.com\/wp\/wp-json\/wp\/v2\/posts"}],"about":[{"href":"https:\/\/evindepaketle.com\/wp\/wp-json\/wp\/v2\/types\/post"}],"author":[{"embeddable":true,"href":"https:\/\/evindepaketle.com\/wp\/wp-json\/wp\/v2\/users\/1"}],"replies":[{"embeddable":true,"href":"https:\/\/evindepaketle.com\/wp\/wp-json\/wp\/v2\/comments?post=14243"}],"version-history":[{"count":1,"href":"https:\/\/evindepaketle.com\/wp\/wp-json\/wp\/v2\/posts\/14243\/revisions"}],"predecessor-version":[{"id":14244,"href":"https:\/\/evindepaketle.com\/wp\/wp-json\/wp\/v2\/posts\/14243\/revisions\/14244"}],"wp:featuredmedia":[{"embeddable":true,"href":"https:\/\/evindepaketle.com\/wp\/wp-json\/wp\/v2\/media\/14241"}],"wp:attachment":[{"href":"https:\/\/evindepaketle.com\/wp\/wp-json\/wp\/v2\/media?parent=14243"}],"wp:term":[{"taxonomy":"category","embeddable":true,"href":"https:\/\/evindepaketle.com\/wp\/wp-json\/wp\/v2\/categories?post=14243"},{"taxonomy":"post_tag","embeddable":true,"href":"https:\/\/evindepaketle.com\/wp\/wp-json\/wp\/v2\/tags?post=14243"}],"curies":[{"name":"wp","href":"https:\/\/api.w.org\/{rel}","templated":true}]}}