{"id":14158,"date":"2025-04-14T17:02:04","date_gmt":"2025-04-14T17:02:04","guid":{"rendered":"https:\/\/evindepaketle.com\/wp\/?p=14158"},"modified":"2025-04-14T17:02:07","modified_gmt":"2025-04-14T17:02:07","slug":"pas-dalje-nga-bbva-loredana-shikohet-duke-u-perqafuar-me-kete-person-foto","status":"publish","type":"post","link":"https:\/\/evindepaketle.com\/wp\/pas-dalje-nga-bbva-loredana-shikohet-duke-u-perqafuar-me-kete-person-foto\/","title":{"rendered":"Pas dalje nga BBVA, Loredana shikohet duke u p\u00ebrqafuar me k\u00ebt\u00eb person (Foto)"},"content":{"rendered":"<div id=\"evind-426863341\" class=\"evind-bf-imag-1 evind-entity-placement\"><div id=\"div-gpt-ad-1767907234185-0\" style=\"min-width:300px;min-height:250px;\"><\/div><\/div><p>Rrug\u00ebtimi i Loredana Brati n\u00eb \u2018Big Brother VIP Albania\u2019 mbaroi n\u00eb gjysme finale.<\/p>\n<p><img fetchpriority=\"high\" decoding=\"async\" class=\"wp-image-15175 alignnone size-full\" src=\"https:\/\/evindepaketle.com\/wp\/wp-content\/uploads\/2025\/04\/image-21-14.jpg\" alt=\"\" width=\"750\" height=\"440\" \/><\/p>\n<p>Loredana gjat\u00eb q\u00ebndrimit t\u00eb saj ishte nj\u00ebra nga banoret m\u00eb t\u00eb p\u00ebrfolura p\u00ebr dinamikat qe krijoj por edhe lidhja me Jozin, shkruan \u201cKosovarja\u201d.<\/p><div id=\"evind-4134323387\" class=\"evind-aft-img-1 evind-entity-placement\"><div id=\"div-gpt-ad-1767907274482-0\" style=\"min-width:300px;min-height:250px;\"><\/div><\/div>\n<p>&nbsp;<\/p>\n<p>Ajo pas daljes ka publikuar pamje pran\u00eb gazetares Elona Duro duke paralajm\u00ebruar se ishte p\u00ebr intervist\u00eb n\u00eb \u2018Top Albani Radio\u2019.<\/p>\n<p>Kujtojm\u00eb se pas incidentit Loredana d\u00ebnoi veprimin e Jozit duke u shprehur se \u00ebsht\u00eb i pa pranuesh\u00ebm.<img decoding=\"async\" class=\"wp-image-15174 alignnone size-full\" src=\"https:\/\/evindepaketle.com\/wp\/wp-content\/uploads\/2025\/04\/image-21-13.jpg\" alt=\"\" width=\"431\" height=\"750\" \/><\/p>\n<div id=\"evind-206598575\" class=\"evind-aft-content evind-entity-placement\"><script async src=\"https:\/\/pagead2.googlesyndication.com\/pagead\/js\/adsbygoogle.js\"\r\n     crossorigin=\"anonymous\"><\/script>\r\n<ins class=\"adsbygoogle\"\r\n     style=\"display:block; text-align:center;\"\r\n     data-ad-layout=\"in-article\"\r\n     data-ad-format=\"fluid\"\r\n     data-ad-client=\"ca-pub-9502650571429605\"\r\n     data-page-url=\"https:\/\/evindepaketle.com\"\r\n     data-ad-slot=\"5205678616\"><\/ins>\r\n<script>\r\n     (adsbygoogle = window.adsbygoogle || []).push({});\r\n<\/script><\/div>","protected":false},"excerpt":{"rendered":"<p>Rrug\u00ebtimi i Loredana Brati n\u00eb \u2018Big Brother VIP Albania\u2019 mbaroi n\u00eb gjysme finale. Loredana gjat\u00eb q\u00ebndrimit t\u00eb saj ishte nj\u00ebra nga banoret m\u00eb t\u00eb p\u00ebrfolura p\u00ebr dinamikat qe krijoj por edhe lidhja me Jozin, shkruan \u201cKosovarja\u201d. &nbsp; Ajo pas daljes ka publikuar pamje pran\u00eb gazetares Elona Duro duke paralajm\u00ebruar se ishte p\u00ebr intervist\u00eb n\u00eb \u2018Top [&hellip;]<\/p>\n","protected":false},"author":1,"featured_media":14156,"comment_status":"open","ping_status":"closed","sticky":false,"template":"","format":"standard","meta":{"jnews-multi-image_gallery":[],"jnews_single_post":[],"jnews_primary_category":[],"jnews_social_meta":[],"jnews_review":[],"enable_review":"","type":"","name":"","summary":"","brand":"","sku":"","good":[],"bad":[],"score_override":"","override_value":"","rating":[],"price":[],"jnews_override_counter":[],"jnews_post_split":[],"footnotes":""},"categories":[44],"tags":[],"class_list":["post-14158","post","type-post","status-publish","format-standard","has-post-thumbnail","hentry","category-tvshow"],"_links":{"self":[{"href":"https:\/\/evindepaketle.com\/wp\/wp-json\/wp\/v2\/posts\/14158","targetHints":{"allow":["GET"]}}],"collection":[{"href":"https:\/\/evindepaketle.com\/wp\/wp-json\/wp\/v2\/posts"}],"about":[{"href":"https:\/\/evindepaketle.com\/wp\/wp-json\/wp\/v2\/types\/post"}],"author":[{"embeddable":true,"href":"https:\/\/evindepaketle.com\/wp\/wp-json\/wp\/v2\/users\/1"}],"replies":[{"embeddable":true,"href":"https:\/\/evindepaketle.com\/wp\/wp-json\/wp\/v2\/comments?post=14158"}],"version-history":[{"count":1,"href":"https:\/\/evindepaketle.com\/wp\/wp-json\/wp\/v2\/posts\/14158\/revisions"}],"predecessor-version":[{"id":14159,"href":"https:\/\/evindepaketle.com\/wp\/wp-json\/wp\/v2\/posts\/14158\/revisions\/14159"}],"wp:featuredmedia":[{"embeddable":true,"href":"https:\/\/evindepaketle.com\/wp\/wp-json\/wp\/v2\/media\/14156"}],"wp:attachment":[{"href":"https:\/\/evindepaketle.com\/wp\/wp-json\/wp\/v2\/media?parent=14158"}],"wp:term":[{"taxonomy":"category","embeddable":true,"href":"https:\/\/evindepaketle.com\/wp\/wp-json\/wp\/v2\/categories?post=14158"},{"taxonomy":"post_tag","embeddable":true,"href":"https:\/\/evindepaketle.com\/wp\/wp-json\/wp\/v2\/tags?post=14158"}],"curies":[{"name":"wp","href":"https:\/\/api.w.org\/{rel}","templated":true}]}}