{"id":14031,"date":"2025-04-13T18:59:00","date_gmt":"2025-04-13T18:59:00","guid":{"rendered":"https:\/\/evindepaketle.com\/wp\/?p=14031"},"modified":"2025-04-13T18:59:03","modified_gmt":"2025-04-13T18:59:03","slug":"akuzon-serish-top-channel-reagon-olsi-bylyku-pasi-jozi-goditi-gjestin-foto","status":"publish","type":"post","link":"https:\/\/evindepaketle.com\/wp\/akuzon-serish-top-channel-reagon-olsi-bylyku-pasi-jozi-goditi-gjestin-foto\/","title":{"rendered":"Akuzon serish TOP CHANNEL\/ Reagon Olsi Bylyku pasi Jozi goditi Gjestin (Foto)"},"content":{"rendered":"<div id=\"evind-3577037001\" class=\"evind-bf-imag-1 evind-entity-placement\"><div id=\"div-gpt-ad-1767907234185-0\" style=\"min-width:300px;min-height:250px;\"><\/div><\/div><p>Pas incidentit t\u00eb r\u00ebnd\u00eb t\u00eb ndodhur gjat\u00eb spektaklit \u201cBig Brother VIP Albania\u201d,<\/p>\n<p><img fetchpriority=\"high\" decoding=\"async\" class=\"wp-image-15022 alignnone size-full\" src=\"https:\/\/evindepaketle.com\/wp\/wp-content\/uploads\/2025\/04\/image-18-6.jpg\" alt=\"\" width=\"750\" height=\"379\" \/><\/p>\n<p>&nbsp;<\/p>\n<p>&nbsp;<\/p>\n<p>ku Jozi goditi fizikisht Gjestin dhe u p\u00ebrjashtua menj\u00ebher\u00eb nga formati, nuk kan\u00eb munguar reagimet e figurave publike.<\/p><div id=\"evind-2190863711\" class=\"evind-aft-img-1 evind-entity-placement\"><div id=\"div-gpt-ad-1767907274482-0\" style=\"min-width:300px;min-height:250px;\"><\/div><\/div>\n<p>Nj\u00eb nd\u00ebr to \u00ebsht\u00eb edhe aktori Olsi Bylyku, i cili dikur ka qen\u00eb pjes\u00eb e k\u00ebtij programi.<\/p>\n<p>Reagimi i tij, edhe pse u fshi pak m\u00eb pas, sipas \u201cZone Vip\u201d, u p\u00ebrhap me shpejt\u00ebsi n\u00eb rrjetet sociale dhe p\u00ebrmbante kritika t\u00eb ashpra ndaj menaxhimit t\u00eb programit nga ana e Top Channel.<\/p>\n<p>\u201cPhyyy, phyyy, phyyyyyy! Kjo \u00ebsht\u00eb ajo \u2018loja\u2019 q\u00eb ju ofrohet si \u2018loj\u00eb\u2019 nga televizioni q\u00eb ju aq shum\u00eb e doni!\u201d \u2013 shkroi Bylyku, duke shprehur zhg\u00ebnjim dhe neveri p\u00ebr at\u00eb q\u00eb ndodhi live para nj\u00eb publiku t\u00eb gjer\u00eb.<\/p>\n<p>Ai e p\u00ebrshkruan incidentin si nj\u00eb \u201cshpull\u00eb mediatike\u201d p\u00ebr publikun, duke theksuar se dhuna nuk \u00ebsht\u00eb thjesht nj\u00eb devijim i momentit, por pasoj\u00eb e nj\u00eb klime t\u00eb ushqyer q\u00ebllimisht p\u00ebr t\u00eb rritur shikueshm\u00ebrin\u00eb.<\/p>\n<p>Olsi thekson se fajtor\u00ebt nuk jan\u00eb konkurrent\u00ebt, por ata q\u00eb drejtojn\u00eb prapasken\u00ebn:<\/p>\n<p>\u201cNuk \u00ebsht\u00eb fajtor asnj\u00eb aktor, miq! \u00cbsht\u00eb regjizori i k\u00ebsaj \u2018shfaqjeje\u2019.\u201d<\/p>\n<p>Ky reagim pasqyron q\u00ebndrimin kritik q\u00eb Bylyku ka mbajtur m\u00eb her\u00ebt ndaj formatit, t\u00eb cilin e kishte braktisur duke deklaruar se nuk p\u00ebrputhej me parimet e tij personale dhe profesionale.<\/p>\n<p>N\u00eb fund, ai u b\u00ebn thirrje shikuesve p\u00ebr reflektim:<\/p>\n<p>\u201cHiqni dor\u00eb nga mendimi q\u00eb gjith\u00e7ka \u00ebsht\u00eb zbavitje. \u00c7do gj\u00eb \u00ebsht\u00eb E V\u00cbRTET\u00cb!\u201d<\/p>\n<p>Reagimi i plot\u00eb:<img decoding=\"async\" class=\"wp-image-15021 alignnone size-full\" src=\"https:\/\/evindepaketle.com\/wp\/wp-content\/uploads\/2025\/04\/image-18-5.jpg\" alt=\"\" width=\"407\" height=\"750\" \/><\/p>\n<div id=\"evind-1998415057\" class=\"evind-aft-content evind-entity-placement\"><script async src=\"https:\/\/pagead2.googlesyndication.com\/pagead\/js\/adsbygoogle.js\"\r\n     crossorigin=\"anonymous\"><\/script>\r\n<ins class=\"adsbygoogle\"\r\n     style=\"display:block; text-align:center;\"\r\n     data-ad-layout=\"in-article\"\r\n     data-ad-format=\"fluid\"\r\n     data-ad-client=\"ca-pub-9502650571429605\"\r\n     data-page-url=\"https:\/\/evindepaketle.com\"\r\n     data-ad-slot=\"5205678616\"><\/ins>\r\n<script>\r\n     (adsbygoogle = window.adsbygoogle || []).push({});\r\n<\/script><\/div>","protected":false},"excerpt":{"rendered":"<p>Pas incidentit t\u00eb r\u00ebnd\u00eb t\u00eb ndodhur gjat\u00eb spektaklit \u201cBig Brother VIP Albania\u201d, &nbsp; &nbsp; ku Jozi goditi fizikisht Gjestin dhe u p\u00ebrjashtua menj\u00ebher\u00eb nga formati, nuk kan\u00eb munguar reagimet e figurave publike. Nj\u00eb nd\u00ebr to \u00ebsht\u00eb edhe aktori Olsi Bylyku, i cili dikur ka qen\u00eb pjes\u00eb e k\u00ebtij programi. Reagimi i tij, edhe pse u [&hellip;]<\/p>\n","protected":false},"author":1,"featured_media":14029,"comment_status":"open","ping_status":"closed","sticky":false,"template":"","format":"standard","meta":{"jnews-multi-image_gallery":[],"jnews_single_post":[],"jnews_primary_category":[],"jnews_social_meta":[],"jnews_review":[],"enable_review":"","type":"","name":"","summary":"","brand":"","sku":"","good":[],"bad":[],"score_override":"","override_value":"","rating":[],"price":[],"jnews_override_counter":[],"jnews_post_split":[],"footnotes":""},"categories":[44],"tags":[],"class_list":["post-14031","post","type-post","status-publish","format-standard","has-post-thumbnail","hentry","category-tvshow"],"_links":{"self":[{"href":"https:\/\/evindepaketle.com\/wp\/wp-json\/wp\/v2\/posts\/14031","targetHints":{"allow":["GET"]}}],"collection":[{"href":"https:\/\/evindepaketle.com\/wp\/wp-json\/wp\/v2\/posts"}],"about":[{"href":"https:\/\/evindepaketle.com\/wp\/wp-json\/wp\/v2\/types\/post"}],"author":[{"embeddable":true,"href":"https:\/\/evindepaketle.com\/wp\/wp-json\/wp\/v2\/users\/1"}],"replies":[{"embeddable":true,"href":"https:\/\/evindepaketle.com\/wp\/wp-json\/wp\/v2\/comments?post=14031"}],"version-history":[{"count":1,"href":"https:\/\/evindepaketle.com\/wp\/wp-json\/wp\/v2\/posts\/14031\/revisions"}],"predecessor-version":[{"id":14032,"href":"https:\/\/evindepaketle.com\/wp\/wp-json\/wp\/v2\/posts\/14031\/revisions\/14032"}],"wp:featuredmedia":[{"embeddable":true,"href":"https:\/\/evindepaketle.com\/wp\/wp-json\/wp\/v2\/media\/14029"}],"wp:attachment":[{"href":"https:\/\/evindepaketle.com\/wp\/wp-json\/wp\/v2\/media?parent=14031"}],"wp:term":[{"taxonomy":"category","embeddable":true,"href":"https:\/\/evindepaketle.com\/wp\/wp-json\/wp\/v2\/categories?post=14031"},{"taxonomy":"post_tag","embeddable":true,"href":"https:\/\/evindepaketle.com\/wp\/wp-json\/wp\/v2\/tags?post=14031"}],"curies":[{"name":"wp","href":"https:\/\/api.w.org\/{rel}","templated":true}]}}