{"id":13270,"date":"2025-04-07T20:05:28","date_gmt":"2025-04-07T20:05:28","guid":{"rendered":"https:\/\/evindepaketle.com\/wp\/?p=13270"},"modified":"2025-04-07T20:05:30","modified_gmt":"2025-04-07T20:05:30","slug":"nje-largim-i-befasishem-nga-bbva-gjesti-paralajmeron-fundin-e-aventures","status":"publish","type":"post","link":"https:\/\/evindepaketle.com\/wp\/nje-largim-i-befasishem-nga-bbva-gjesti-paralajmeron-fundin-e-aventures\/","title":{"rendered":"Nj\u00eb largim i befasish\u00ebm nga \u2018BBVA\u2019? Gjesti paralajm\u00ebron fundin e aventur\u00ebs&#8230;"},"content":{"rendered":"<div id=\"evind-1950186113\" class=\"evind-bf-imag-1 evind-entity-placement\"><div id=\"div-gpt-ad-1767907234185-0\" style=\"min-width:300px;min-height:250px;\"><\/div><\/div><p>Pas shpalljes s\u00eb Rozana Radit si finalistja e par\u00eb e k\u00ebtij edicioni t\u00eb Big Brother VIP,<\/p>\n<p>&nbsp;<\/p>\n<p>&nbsp;<\/p>\n<p><img fetchpriority=\"high\" decoding=\"async\" class=\"wp-image-13681 alignnone size-full\" src=\"https:\/\/evindepaketle.com\/wp\/wp-content\/uploads\/2025\/04\/image-4-44.jpg\" alt=\"\" width=\"750\" height=\"412\" \/><\/p>\n<p>atmosfera n\u00eb sht\u00ebpin\u00eb e famshme \u00ebsht\u00eb tensionuar ndjesh\u00ebm, ve\u00e7an\u00ebrisht p\u00ebr Gjestin, nj\u00eb prej banor\u00ebve m\u00eb t\u00eb komentuar.<\/p><div id=\"evind-2305340900\" class=\"evind-aft-img-1 evind-entity-placement\"><div id=\"div-gpt-ad-1767907274482-0\" style=\"min-width:300px;min-height:250px;\"><\/div><\/div>\n<p>Ai ka shprehur hapur mllefin e tij n\u00eb lidhje me vendimet e marra dhe duket se \u00ebsht\u00eb n\u00eb prag t\u00eb nj\u00eb ndarjeje surpriz\u00eb nga loj\u00eb.<\/p>\n<p>Pas zgjedhjes s\u00eb dy finalist\u00ebve t\u00eb tjer\u00eb nga Rozana, Egli Tako dhe Laert Vasili, Gjesti duket se \u00ebsht\u00eb prekur thell\u00eb. Ai ka dh\u00ebn\u00eb sinjale t\u00eb qarta se nuk e ka p\u00ebrjetuar mir\u00eb k\u00ebt\u00eb zhvillim dhe, n\u00eb nj\u00eb bised\u00eb me banor\u00ebt e tjer\u00eb, ka b\u00ebr\u00eb t\u00eb qart\u00eb se ndjehet i tradh\u00ebtuar nga vendimet e fundit.<\/p>\n<p>\u201cM\u00eb vjen t\u00eb qaj, un\u00eb do ta l\u00eb loj\u00ebn. T\u00eb mart\u00ebn do t\u00eb largohem, mbajeni mend. Nuk duroj m\u00eb,\u201d ka th\u00ebn\u00eb ai, duke u shprehur me emocione t\u00eb forta dhe duke l\u00ebn\u00eb t\u00eb n\u00ebnkuptohet se ndjenja e tij e d\u00ebshp\u00ebrimit \u00ebsht\u00eb m\u00eb e thell\u00eb se sa thjesht nj\u00eb rast i momentit.<\/p>\n<p>Nj\u00eb nga \u00e7\u00ebshtjet q\u00eb i r\u00ebndon Gjesti \u00ebsht\u00eb ndjenja se ka investuar shum\u00eb n\u00eb k\u00ebt\u00eb aventur\u00eb, por e ndjen se \u00e7far\u00eb po ndodh nuk \u00ebsht\u00eb e drejt\u00eb. Ai ka shprehur nj\u00eb parandjenj\u00eb t\u00eb fort\u00eb se koha e tij n\u00eb \u201cBig Brother\u201d po i afrohet fundit:<\/p>\n<p>\u201cE kam nj\u00eb parandjenj\u00eb q\u00eb \u00ebsht\u00eb duke m\u00eb mbaruar kula\u00e7i. E kam dh\u00ebn\u00eb shpirtin p\u00ebr k\u00ebt\u00eb loj\u00eb, por nuk m\u00eb duket e drejt\u00eb \u00e7far\u00eb po ndodh,\u201d tha ai, n\u00eb nj\u00eb moment q\u00eb tregon pasigurit\u00eb e tij.<\/p>\n<p>Gesti ka kaluar n\u00eb nj\u00eb moment t\u00eb reflektimi, duke i kushtuar v\u00ebmendje se si zgjedhja e Rozan\u00ebs p\u00ebr t\u00eb \u00e7uar n\u00eb finale dy banor\u00eb ka ndikuar n\u00eb dinamik\u00ebn e grupit. \u201cKat\u00ebr veta me zarf t\u00eb zi\u2026 \u00e7far\u00eb ka b\u00ebr\u00eb Rozana Radi k\u00ebtu? K\u00eb e ka larguar? Ask\u00ebnd. Nuk ka drejt\u00ebsi, e do ta shihni,\u201d p\u00ebrfundoi ai, me nj\u00eb ton ironik dhe t\u00eb revoltuar.<\/p>\n<p>Duke ndar\u00eb mendimin e tij, Gjesti thekson se ndjehet i izoluar brenda k\u00ebtij formati dhe se ndjenja e tij e brendshme po b\u00ebhet gjithnj\u00eb e m\u00eb e fort\u00eb. \u00c7far\u00eb do t\u00eb ndodh\u00eb me t\u00eb but\u00eb, a do t\u00eb p\u00ebrballoj\u00eb emocionet dhe t\u00eb q\u00ebndroj\u00eb n\u00eb loj\u00eb, apo do t\u00eb ushtroj\u00eb vendimin e tij p\u00ebr t\u2019u larguar? Ajo q\u00eb \u00ebsht\u00eb e sigurt \u00ebsht\u00eb se drama n\u00eb \u201cBig Brother\u201d do t\u00eb vazhdoj\u00eb.<\/p>\n<p>Kjo situat\u00eb ka nxitur gjithashtu reagime nga ndjek\u00ebsit dhe fanell\u00ebt e \u201cBBA\u201d. Nj\u00eb num\u00ebr i madh i publikut po diskuton rreth politikave t\u00eb zgjedhjeve dhe justifikimit t\u00eb vendimeve n\u00eb sht\u00ebpi. Ata shprehin shqet\u00ebsim se si vendimet e marra ndihmojn\u00eb ose d\u00ebmtojn\u00eb balanc\u00ebn e loj\u00ebs dhe atmosfer\u00ebn e p\u00ebrgjithshme.<\/p>\n<p>Nd\u00ebrkoh\u00eb, mbetet p\u00ebr t\u2019u par\u00eb n\u00ebse Gjesti do t\u00eb realizoj\u00eb premtimin e tij. Rrethanat dhe tensionet e brendshme n\u00eb sht\u00ebpi jan\u00eb duke u ngritur, dhe \u00e7do zhvillim mund t\u00eb sjell\u00eb surpriza t\u00eb tjera p\u00ebr publikun dhe banor\u00ebt. Nj\u00eb gj\u00eb \u00ebsht\u00eb e sigurt: emocionet dhe tensioni jan\u00eb rritur, dhe dit\u00ebt n\u00eb vijim premtojn\u00eb t\u00eb jen\u00eb tep\u00ebr interesante.<\/p>\n<div id=\"evind-1247885373\" class=\"evind-aft-content evind-entity-placement\"><script async src=\"https:\/\/pagead2.googlesyndication.com\/pagead\/js\/adsbygoogle.js\"\r\n     crossorigin=\"anonymous\"><\/script>\r\n<ins class=\"adsbygoogle\"\r\n     style=\"display:block; text-align:center;\"\r\n     data-ad-layout=\"in-article\"\r\n     data-ad-format=\"fluid\"\r\n     data-ad-client=\"ca-pub-9502650571429605\"\r\n     data-page-url=\"https:\/\/evindepaketle.com\"\r\n     data-ad-slot=\"5205678616\"><\/ins>\r\n<script>\r\n     (adsbygoogle = window.adsbygoogle || []).push({});\r\n<\/script><\/div>","protected":false},"excerpt":{"rendered":"<p>Pas shpalljes s\u00eb Rozana Radit si finalistja e par\u00eb e k\u00ebtij edicioni t\u00eb Big Brother VIP, &nbsp; &nbsp; atmosfera n\u00eb sht\u00ebpin\u00eb e famshme \u00ebsht\u00eb tensionuar ndjesh\u00ebm, ve\u00e7an\u00ebrisht p\u00ebr Gjestin, nj\u00eb prej banor\u00ebve m\u00eb t\u00eb komentuar. Ai ka shprehur hapur mllefin e tij n\u00eb lidhje me vendimet e marra dhe duket se \u00ebsht\u00eb n\u00eb prag t\u00eb [&hellip;]<\/p>\n","protected":false},"author":1,"featured_media":13269,"comment_status":"open","ping_status":"closed","sticky":false,"template":"","format":"standard","meta":{"jnews-multi-image_gallery":[],"jnews_single_post":[],"jnews_primary_category":[],"jnews_social_meta":[],"jnews_review":[],"enable_review":"","type":"","name":"","summary":"","brand":"","sku":"","good":[],"bad":[],"score_override":"","override_value":"","rating":[],"price":[],"jnews_override_counter":[],"jnews_post_split":[],"footnotes":""},"categories":[44],"tags":[],"class_list":["post-13270","post","type-post","status-publish","format-standard","has-post-thumbnail","hentry","category-tvshow"],"_links":{"self":[{"href":"https:\/\/evindepaketle.com\/wp\/wp-json\/wp\/v2\/posts\/13270","targetHints":{"allow":["GET"]}}],"collection":[{"href":"https:\/\/evindepaketle.com\/wp\/wp-json\/wp\/v2\/posts"}],"about":[{"href":"https:\/\/evindepaketle.com\/wp\/wp-json\/wp\/v2\/types\/post"}],"author":[{"embeddable":true,"href":"https:\/\/evindepaketle.com\/wp\/wp-json\/wp\/v2\/users\/1"}],"replies":[{"embeddable":true,"href":"https:\/\/evindepaketle.com\/wp\/wp-json\/wp\/v2\/comments?post=13270"}],"version-history":[{"count":1,"href":"https:\/\/evindepaketle.com\/wp\/wp-json\/wp\/v2\/posts\/13270\/revisions"}],"predecessor-version":[{"id":13271,"href":"https:\/\/evindepaketle.com\/wp\/wp-json\/wp\/v2\/posts\/13270\/revisions\/13271"}],"wp:featuredmedia":[{"embeddable":true,"href":"https:\/\/evindepaketle.com\/wp\/wp-json\/wp\/v2\/media\/13269"}],"wp:attachment":[{"href":"https:\/\/evindepaketle.com\/wp\/wp-json\/wp\/v2\/media?parent=13270"}],"wp:term":[{"taxonomy":"category","embeddable":true,"href":"https:\/\/evindepaketle.com\/wp\/wp-json\/wp\/v2\/categories?post=13270"},{"taxonomy":"post_tag","embeddable":true,"href":"https:\/\/evindepaketle.com\/wp\/wp-json\/wp\/v2\/tags?post=13270"}],"curies":[{"name":"wp","href":"https:\/\/api.w.org\/{rel}","templated":true}]}}